{"id":22796,"date":"2026-03-03T13:29:21","date_gmt":"2026-03-03T12:29:21","guid":{"rendered":"https:\/\/www.stepv.upv.es\/?p=22796"},"modified":"2026-03-03T13:29:21","modified_gmt":"2026-03-03T12:29:21","slug":"signa-en-defensa-de-la-docencia-en-valencia-a-la-upv","status":"publish","type":"post","link":"https:\/\/www.stepv.upv.es\/va\/signa-en-defensa-de-la-docencia-en-valencia-a-la-upv\/","title":{"rendered":"SIGNA EN DEFENSA DE LA DOC\u00c8NCIA EN VALENCI\u00c0 A LA UPV"},"content":{"rendered":"<p>Aquesta \u00e9s una crida a tot el professorat de la UPV amb inquietuds per la protecci\u00f3 dels drets ling\u00fc\u00edstics dels valencianoparlants a la nostra universitat.<\/p>\n<p>Les dades extretes d&#8217;informes oficials, difoses aquest any passat per STEPV, reflecteixen un estat d&#8217;aband\u00f3 del valenci\u00e0 a la doc\u00e8ncia reglada de la UPV. D&#8217;una banda, els darrers anys est\u00e0 produint-se una\u00a0<b>reducci\u00f3 constant del nombre de grups de doc\u00e8ncia en valenci\u00e0<\/b>, en una oferta ja tradicionalment sota m\u00ednims que no satisf\u00e0, ni de lluny, les prefer\u00e8ncies ni capacitats de l&#8217;alumnat. D&#8217;altra banda, els\u00a0<b>abundants incompliments de la llengua de doc\u00e8ncia<\/b>\u00a0(al voltant del 55%) en els grups catalogats en valenci\u00e0. Com a conseq\u00fc\u00e8ncia, la doc\u00e8ncia real en graus a la UPV, en termes de cr\u00e8dits impartits, \u00e9s d&#8217;un\u00a0<b>vergony\u00f3s 2&#8217;7%<\/b>\u00a0(front a r\u00e0tios del 54%, 69%, 30% i 40% en universitats p\u00fabliques del Pa\u00eds Basc, Catalunya, Gal\u00edcia i UVEG, respectivament).<\/p>\n<p>Aquestes defici\u00e8ncies substantives s\u00f3n el resultat de l&#8217;actitud de diversos vicerectorats de l&#8217;actual equip del rector Jos\u00e9 Capilla, la gesti\u00f3 dels quals est\u00e0 convertint la UPV en agent minoritzador de la nostra llengua.<\/p>\n<p>Tot plegat fa que la situaci\u00f3 actual siga intolerable pel que fa a la falta de respecte als drets ling\u00fc\u00edstics de l&#8217;alumnat i del professorat valencianoparlant.<\/p>\n<p>Arran de tot l&#8217;anterior, un grup de professores i professors hem decidit coordinar-nos i et demanem el teu suport, com a PDI, per a demanar a rectorat un canvi en les pol\u00edtiques que ens han portat aquesta situaci\u00f3. Et demanem signar la petici\u00f3 seg\u00fcent:<\/p>\n<p><a href=\"https:\/\/forms.office.com\/e\/fpV9iNbUNK?origin=lprLink\" target=\"_blank\" rel=\"noopener\">Formulari de signatures.<\/a><\/p>\n<p>Agrairem tamb\u00e9 el suport del professorat castellanoparlant, o que no fa\u00e7a classes en valenci\u00e0, que se senta solidari amb les nostres reivindicacions justes.<\/p>\n<p>Si, a m\u00e9s a m\u00e9s, est\u00e0s interessat a col\u00b7laborar amb el grup de professors sensibilitzats en aquest tema, fes-nos-ho saber en el formulari seg\u00fcent i ens posarem en contacte amb tu:<\/p>\n<p><a href=\"https:\/\/forms.office.com\/e\/j6pSApUJ45?origin=lprLink\" target=\"_blank\" rel=\"noopener\">Formulari d&#8217;adhesi\u00f3 al grup PDI x valenci\u00e0.<\/a><\/p>\n<p>Podeu constatar les informacions anteriors en els enlla\u00e7os seg\u00fcents:<\/p>\n<p><a href=\"https:\/\/www.upv.es\/entidades\/spnl\/va\/dades-sociolinguistiques\" target=\"_blank\" rel=\"noopener\">Estad\u00edstiques d&#8217;oferta i demanda.<\/a><\/p>\n<p><a href=\"https:\/\/www.stepv.upv.es\/wp-content\/uploads\/2026\/03\/informe-SPNL-SDV-1Q-22-23-i-2Q-23-24.pdf\" target=\"_blank\" rel=\"noopener\">Informe sobre incompliment de la doc\u00e8ncia en valenci\u00e0.<\/a><\/p>\n<p><a href=\"https:\/\/www.instagram.com\/reel\/DRwpHwOjBNW\/?igsh=aHo3N2o0a2ZtMzk4\" target=\"_blank\" rel=\"noopener\">Den\u00fancia de la situaci\u00f3 per part de l&#8217;alumnat de la UPV.<\/a><\/p>\n<p><a href=\"https:\/\/www.diarilaveu.cat\/llengua\/una-alumna-denuncia-la-desaparicio-del-valencia-al-campus-de-lupv-de-gandi-615472\/\" target=\"_blank\" rel=\"noopener\">Den\u00fancia de la situaci\u00f3 per part de l&#8217;alumnat de la UPV.<\/a><\/p>\n<p>PS1. Agra\u00efm a STEPV la seua col\u00b7laboraci\u00f3 en la difusi\u00f3 d&#8217;aquest missatge.<\/p>\n<p>PS2. Si penses en algun PDI que puga estar interessat a donar suport a aquesta campanya, reenvia-li aquest missatge. Gr\u00e0cies!<\/p>\n<p>El coordinador del grup PDI x valenci\u00e0<\/p>\n<p>Joaquim Francesc Arlandis Navarro<\/p>\n<p>DISCA<\/p>\n","protected":false},"excerpt":{"rendered":"<p>Aquesta \u00e9s una crida a tot el professorat de la UPV amb inquietuds per la protecci\u00f3 dels drets ling\u00fc\u00edstics dels valencianoparlants a la nostra universitat. Les dades extretes d&#8217;informes oficials, difoses aquest any passat per STEPV, reflecteixen un estat d&#8217;aband\u00f3 del valenci\u00e0 a la doc\u00e8ncia reglada de la UPV. D&#8217;una banda, els darrers anys est\u00e0 [&hellip;]<\/p>\n","protected":false},"author":21175,"featured_media":325,"comment_status":"closed","ping_status":"closed","sticky":false,"template":"","format":"standard","meta":{"footnotes":""},"categories":[843680],"tags":[],"class_list":["post-22796","post","type-post","status-publish","format-standard","has-post-thumbnail","hentry","category-altres-noticies-dinteres"],"_links":{"self":[{"href":"https:\/\/www.stepv.upv.es\/va\/wp-json\/wp\/v2\/posts\/22796","targetHints":{"allow":["GET"]}}],"collection":[{"href":"https:\/\/www.stepv.upv.es\/va\/wp-json\/wp\/v2\/posts"}],"about":[{"href":"https:\/\/www.stepv.upv.es\/va\/wp-json\/wp\/v2\/types\/post"}],"author":[{"embeddable":true,"href":"https:\/\/www.stepv.upv.es\/va\/wp-json\/wp\/v2\/users\/21175"}],"replies":[{"embeddable":true,"href":"https:\/\/www.stepv.upv.es\/va\/wp-json\/wp\/v2\/comments?post=22796"}],"version-history":[{"count":1,"href":"https:\/\/www.stepv.upv.es\/va\/wp-json\/wp\/v2\/posts\/22796\/revisions"}],"predecessor-version":[{"id":22797,"href":"https:\/\/www.stepv.upv.es\/va\/wp-json\/wp\/v2\/posts\/22796\/revisions\/22797"}],"wp:featuredmedia":[{"embeddable":true,"href":"https:\/\/www.stepv.upv.es\/va\/wp-json\/wp\/v2\/media\/325"}],"wp:attachment":[{"href":"https:\/\/www.stepv.upv.es\/va\/wp-json\/wp\/v2\/media?parent=22796"}],"wp:term":[{"taxonomy":"category","embeddable":true,"href":"https:\/\/www.stepv.upv.es\/va\/wp-json\/wp\/v2\/categories?post=22796"},{"taxonomy":"post_tag","embeddable":true,"href":"https:\/\/www.stepv.upv.es\/va\/wp-json\/wp\/v2\/tags?post=22796"}],"curies":[{"name":"wp","href":"https:\/\/api.w.org\/{rel}","templated":true}]}}