{"id":22079,"date":"2025-06-26T11:49:02","date_gmt":"2025-06-26T09:49:02","guid":{"rendered":"https:\/\/www.stepv.upv.es\/?p=22079"},"modified":"2025-06-26T11:49:02","modified_gmt":"2025-06-26T09:49:02","slug":"defenent-els-drets-lgtbi-en-leducacio-i-el-treball-un-xiulet-contra-les-esmenes-regressives","status":"publish","type":"post","link":"https:\/\/www.stepv.upv.es\/va\/defenent-els-drets-lgtbi-en-leducacio-i-el-treball-un-xiulet-contra-les-esmenes-regressives\/","title":{"rendered":"Defenent els drets LGTBI+ en l&#8217;educaci\u00f3 i el treball: un xiulet contra les esmenes regressives"},"content":{"rendered":"<p>El xiulet \u00e9s un s\u00edmbol poder\u00f3s: un anomenat urgent que assenyala la necessitat d\u2019<b>actuar enfront de la injust\u00edcia i la vulneraci\u00f3 de drets.<\/b>\u00a0En este Orgull, des de l\u2019\u00c0rea LGTBI del sindicat, fem sonar el xiulet per a\u00a0<b>denunciar<\/b>\u00a0amb fermesa les\u00a0<b>esmenes presentades en les Corts Valencianes\u00a0<\/b>que amenacen d&#8217;esborrar els drets de les persones trans, una agressi\u00f3 directa contra la igualtat i la dignitat.<\/p>\n<p>Estes esmenes no sols\u00a0<b>suposen un retroc\u00e9s legal<\/b>, sin\u00f3 que afecten de manera directa la vida quotidiana de les persones trans en \u00e0mbits fonamentals com l\u2019educaci\u00f3 i el treball.\u00a0<b>A les escoles<\/b>,\u00a0<b>pretenen eliminar el contingut sobre diversitat<\/b>\u00a0<b>sexual i de g\u00e8nere<\/b>, la qual cosa augmenta la invisibilitat i l\u2019assetjament cap a l\u2019alumnat trans. Negar una educaci\u00f3 inclusiva \u00e9s negar un entorn segur on xiquets, xiquetes i adolescents puguen desenrotllar-se plenament sense por ni discriminaci\u00f3.<\/p>\n<p><b>En l\u2019\u00e0mbit laboral<\/b>, estes mesures\u00a0<b>agreugen la precarietat i la discriminaci\u00f3<\/b>\u00a0que pateixen ja moltes persones trans, els qui enfronten dificultats per a accedir a una ocupaci\u00f3 digna, patir assetjament o exclusi\u00f3, i veure limitades les seues oportunitats de promoci\u00f3 i desenrotllament professional. La protecci\u00f3 legal no pot ser un privilegi; ha de ser un dret inalienable per a garantir un entorn laboral lliure de discriminaci\u00f3 i amb igualtat d\u2019oportunitats.<\/p>\n<p>Per aix\u00f2, el\u00a0<b>xiulet representa<\/b>\u00a0la nostra\u00a0<b>veu col\u00b7lectiva que alerta i den\u00fancia<\/b>. \u00c9s un instrument de lluita contra la intoler\u00e0ncia, l\u2019odi i la invisibilitzaci\u00f3. No permetrem que se silencie les persones trans ni que es negue el seu dret a existir i a ser respectades en tots els espais.<\/p>\n<p>Amb el xiulet en m\u00e0, des del sindicat\u00a0<b>cridem<\/b>\u00a0a la mobilitzaci\u00f3 i a la solidaritat per a defendre els drets conquistats i\u00a0<b>avan\u00e7ar cap a una societat diversa, justa i igualit\u00e0ria<\/b>. No hi ha marxa arrere. La igualtat i el respecte no es negocien ni es retallen.<\/p>","protected":false},"excerpt":{"rendered":"<p>El xiulet \u00e9s un s\u00edmbol poder\u00f3s: un anomenat urgent que assenyala la necessitat d\u2019actuar enfront de la injust\u00edcia i la vulneraci\u00f3 de drets.\u00a0En este Orgull, des de l\u2019\u00c0rea LGTBI del sindicat, fem sonar el xiulet per a\u00a0denunciar\u00a0amb fermesa les\u00a0esmenes presentades en les Corts Valencianes\u00a0que amenacen d&#8217;esborrar els drets de les persones trans, una agressi\u00f3 directa [&hellip;]<\/p>\n","protected":false},"author":21175,"featured_media":22078,"comment_status":"closed","ping_status":"closed","sticky":false,"template":"","format":"standard","meta":{"footnotes":""},"categories":[843680],"tags":[],"class_list":["post-22079","post","type-post","status-publish","format-standard","has-post-thumbnail","hentry","category-altres-noticies-dinteres"],"_links":{"self":[{"href":"https:\/\/www.stepv.upv.es\/va\/wp-json\/wp\/v2\/posts\/22079","targetHints":{"allow":["GET"]}}],"collection":[{"href":"https:\/\/www.stepv.upv.es\/va\/wp-json\/wp\/v2\/posts"}],"about":[{"href":"https:\/\/www.stepv.upv.es\/va\/wp-json\/wp\/v2\/types\/post"}],"author":[{"embeddable":true,"href":"https:\/\/www.stepv.upv.es\/va\/wp-json\/wp\/v2\/users\/21175"}],"replies":[{"embeddable":true,"href":"https:\/\/www.stepv.upv.es\/va\/wp-json\/wp\/v2\/comments?post=22079"}],"version-history":[{"count":0,"href":"https:\/\/www.stepv.upv.es\/va\/wp-json\/wp\/v2\/posts\/22079\/revisions"}],"wp:featuredmedia":[{"embeddable":true,"href":"https:\/\/www.stepv.upv.es\/va\/wp-json\/wp\/v2\/media\/22078"}],"wp:attachment":[{"href":"https:\/\/www.stepv.upv.es\/va\/wp-json\/wp\/v2\/media?parent=22079"}],"wp:term":[{"taxonomy":"category","embeddable":true,"href":"https:\/\/www.stepv.upv.es\/va\/wp-json\/wp\/v2\/categories?post=22079"},{"taxonomy":"post_tag","embeddable":true,"href":"https:\/\/www.stepv.upv.es\/va\/wp-json\/wp\/v2\/tags?post=22079"}],"curies":[{"name":"wp","href":"https:\/\/api.w.org\/{rel}","templated":true}]}}