{"id":23436,"date":"2026-09-02T14:08:15","date_gmt":"2026-09-02T12:08:15","guid":{"rendered":"https:\/\/www.stepv.upv.es\/?p=23436"},"modified":"2026-09-02T17:14:41","modified_gmt":"2026-09-02T15:14:41","slug":"canvien-les-persones-els-problemes-continuen","status":"publish","type":"post","link":"https:\/\/www.stepv.upv.es\/es\/canvien-les-persones-els-problemes-continuen\/","title":{"rendered":"Cambian las personas, los problemas contin\u00faan"},"content":{"rendered":"<p>Cualquiera que lea los comunicados de STEPV sabe que <strong>el sindicato apostaba por un cambio en la direcci\u00f3n del servicio de Recursos Humanos m\u00e1s pues de la historia desde la UPV<\/strong>.<\/p>\n<p>La cuesti\u00f3n ahora es si la nueva etapa ser\u00e1 continuista con \u00abla colonizaci\u00f3n\u00bb o si, por contra, <strong>llegan nuevos vientos<\/strong>. En STEPV apostamos para dar una oportunidad a esta nueva etapa, porque lo importante de las historias no es como empiezan, sino <strong>como terminan<\/strong>.<\/p>\n<p>Al final, la cuesti\u00f3n no es tanto quien dirige Recursos Humanos, sino <strong>su predisposici\u00f3n a cumplir los compromisos ya adquiridos por la Administraci\u00f3n, llegar a consensos con la representaci\u00f3n legal de la plantilla y empezar a deshacer algunos de los empastres que se arrastran desde hace demasiado tiempo<\/strong>.<\/p>\n<h1>Una agenda que no puede esperar<\/h1>\n<h2>Procesos de selecci\u00f3n, promoci\u00f3n y provisi\u00f3n del PTGAS.<\/h2>\n<p>Tienen que continuar mejorando. STEPV forz\u00f3 la creaci\u00f3n del <a href=\"https:\/\/www.stepv.upv.es\/va\/tag\/cal\/\"><strong>grupo CAL<\/strong><\/a> en el Consejo de Gobierno y se ha demostrado que funciona. Ahora bien, hay que ir m\u00e1s all\u00e1: apostamos por <strong>una norma estable, clara y negociada<\/strong>.<\/p>\n<h2>Definici\u00f3n de escalas y funciones en la RLT.<\/h2>\n<p>Han de estar terminadas antes que finalice <strong>septiembre de 2028<\/strong>, por mandato de los Estatutos. El rector y el su equipo <a href=\"https:\/\/www.stepv.upv.es\/va\/dos-anys-perduts-la-upv-consumeix-la-meitat-del-termini-per-adequar-la-rpt-del-ptgas\/\"><strong>ya han consumido la mitad del tiempo<\/strong><\/a><strong> disponible sin ning\u00fan avance significativo<\/strong>.<\/p>\n<h2>Nueva normativa de bolsas.<\/h2>\n<p>No puede volver a aplazarse con la excusa del cambio en la direcci\u00f3n de Recursos Humanos. <strong>Es una cuesti\u00f3n pendiente que necesita una respuesta YA. <\/strong><a href=\"https:\/\/www.stepv.upv.es\/va\/negociacio-de-borses-a-la-upv-mes-agilitat-no-pot-significar-menys-drets\/\"><strong>M\u00e1s agilidad no puede significar menos derechos.<\/strong><\/a><\/p>\n<h2>Saludos laboral en granjas, invernaderos y laboratorios.<\/h2>\n<p>Es necesario un compromiso real con la prevenci\u00f3n. Los aforos, los riesgos espec\u00edficos y las condiciones de trabajo en estos espacios <a href=\"https:\/\/www.stepv.upv.es\/va\/category\/prevencio-i-salut-laboral\/\"><strong>necesitan una planificaci\u00f3n preventiva efectiva<\/strong><\/a><strong>, no meramente formal<\/strong>.<\/p>\n<h2>Desconexi\u00f3n digital.<\/h2>\n<p>Hay que regular y garantizar de manera efectiva el <strong>derecho a la desconexi\u00f3n digital<\/strong>, porque la disponibilidad permanente no puede convertirse en una obligaci\u00f3n impl\u00edcita para la plantilla.<\/p>\n<h2>Cambia la vicegerencia, pero no empezamos de cero<\/h2>\n<p>El cambio en la Vicegerencia de Recursos Humanos <strong>no significa empezar de cero. Por lo menos, no para la plantilla.<\/strong> Los problemas pendientes, los compromisos adquiridos y las reivindicaciones acumuladas contin\u00faan sobre la mesa.<\/p>\n<p>Por esto, desde STEPV pedimos a la nueva direcci\u00f3n tres cosas bien sencillas:<\/p>\n<p><strong>Cumplir lo que ya est\u00e1 acordado.<\/strong><\/p>\n<p><strong>Avanzar en lo que continua pendiente.<\/strong><\/p>\n<p><strong>Y tener la valent\u00eda de repensar muchas cosas.<\/strong><\/p>\n<p><strong>Cambiar las personas puede abrir una nueva etapa. Cambiar las pol\u00edticas es lo que demostrar\u00e1 que realmente lo es.<\/strong><\/p>","protected":false},"excerpt":{"rendered":"<p>Cualquiera que lea los comunicados de STEPV sabe que el sindicato apostaba por un cambio en la direcci\u00f3n del servicio de Recursos Humanos m\u00e1s pues de la historia desde la UPV. La cuesti\u00f3n ahora es si la nueva etapa ser\u00e1 continuista con \u00abla colonizaci\u00f3n\u00bb o si, por contra, llegan nuevos vientos. En STEPV apostamos para [&hellip;]<\/p>\n","protected":false},"author":785,"featured_media":325,"comment_status":"closed","ping_status":"closed","sticky":false,"template":"","format":"standard","meta":{"footnotes":""},"categories":[843680,843668,843672],"tags":[],"class_list":["post-23436","post","type-post","status-publish","format-standard","has-post-thumbnail","hentry","category-altres-noticies-dinteres","category-drets-laborals","category-prevencio-i-salut-laboral"],"_links":{"self":[{"href":"https:\/\/www.stepv.upv.es\/es\/wp-json\/wp\/v2\/posts\/23436","targetHints":{"allow":["GET"]}}],"collection":[{"href":"https:\/\/www.stepv.upv.es\/es\/wp-json\/wp\/v2\/posts"}],"about":[{"href":"https:\/\/www.stepv.upv.es\/es\/wp-json\/wp\/v2\/types\/post"}],"author":[{"embeddable":true,"href":"https:\/\/www.stepv.upv.es\/es\/wp-json\/wp\/v2\/users\/785"}],"replies":[{"embeddable":true,"href":"https:\/\/www.stepv.upv.es\/es\/wp-json\/wp\/v2\/comments?post=23436"}],"version-history":[{"count":2,"href":"https:\/\/www.stepv.upv.es\/es\/wp-json\/wp\/v2\/posts\/23436\/revisions"}],"predecessor-version":[{"id":23438,"href":"https:\/\/www.stepv.upv.es\/es\/wp-json\/wp\/v2\/posts\/23436\/revisions\/23438"}],"wp:featuredmedia":[{"embeddable":true,"href":"https:\/\/www.stepv.upv.es\/es\/wp-json\/wp\/v2\/media\/325"}],"wp:attachment":[{"href":"https:\/\/www.stepv.upv.es\/es\/wp-json\/wp\/v2\/media?parent=23436"}],"wp:term":[{"taxonomy":"category","embeddable":true,"href":"https:\/\/www.stepv.upv.es\/es\/wp-json\/wp\/v2\/categories?post=23436"},{"taxonomy":"post_tag","embeddable":true,"href":"https:\/\/www.stepv.upv.es\/es\/wp-json\/wp\/v2\/tags?post=23436"}],"curies":[{"name":"wp","href":"https:\/\/api.w.org\/{rel}","templated":true}]}}