{"id":22516,"date":"2025-10-30T10:45:13","date_gmt":"2025-10-30T09:45:13","guid":{"rendered":"https:\/\/www.stepv.upv.es\/?p=22516"},"modified":"2025-10-31T14:05:41","modified_gmt":"2025-10-31T13:05:41","slug":"la-upv-legalitza-la-seua-mala-gestio-de-la-dana-i-ignora-la-inspeccio-de-treball","status":"publish","type":"post","link":"https:\/\/www.stepv.upv.es\/es\/la-upv-legalitza-la-seua-mala-gestio-de-la-dana-i-ignora-la-inspeccio-de-treball\/","title":{"rendered":"La UPV \u201clegaliza\u201d su mala gesti\u00f3n de la DANA e ignora la Inspecci\u00f3n de Trabajo"},"content":{"rendered":"<p><\/p>\n<h2>A pesar de las graves deficiencias se\u00f1aladas por la Inspecci\u00f3n y las denuncias del STEPV, la universidad modifica el plan de autoprotecci\u00f3n para dar cobertura a las decisiones del rectorado.<\/h2>\n<p>Seg\u00fan el informe, la UPV <strong>no convoc\u00f3 al comit\u00e9 de autoprotecci\u00f3n<\/strong>, tal como establece el propio protocolo, dejando fuera de las decisiones a los representantes de los trabajadores. Adem\u00e1s, la Inspecci\u00f3n constata que <strong>ni el rector ni las personas que tomaron decisiones ten\u00edan la formaci\u00f3n exigida<\/strong> por el plan de emergencia, cuestionando as\u00ed la competencia con que se actu\u00f3 en un momento cr\u00edtico.<\/p>\n<p>En <strong>lugar de asumir responsabilidades o corregir errores<\/strong>, la UPV <strong>ha modificado el Plan de Autoprotecci\u00f3n<\/strong> para atribuir toda la capacidad de decisi\u00f3n al <strong>Gabinete de Emergencias<\/strong> Rectoral (GER) \u2014un \u00f3rgano formado casi exclusivamente por cargos de confianza del rector\u2014. Esto supone, de facto, que <strong>el rectorado podr\u00e1 decidir unilateralmente en futuras situaciones de emergencia, sin participaci\u00f3n sindical ni validaci\u00f3n externa.<\/strong><\/p>\n<p>Este nuevo protocolo, que a estas alturas resulta todav\u00eda m\u00e1s confuso, est\u00e1 formado por tres partes que se contradicen entre s\u00ed. Ha sido aprobado a pesar del <strong>voto en contra de la pr\u00e1ctica totalidad<\/strong> <strong>de los representantes electos<\/strong> del Comit\u00e9 de Seguridad y Salud.<\/p>\n<p>Esta reforma equivale a <strong>legalizar la mala gesti\u00f3n del a\u00f1o pasado<\/strong> y demuestra una <strong>arrogancia institucional alarmante<\/strong>, que pasa por encima de los protocolos y del di\u00e1logo social.<\/p>\n<p>Un a\u00f1o despu\u00e9s de la tormenta, la UPV parece m\u00e1s preocupada por <strong>blindar su imagen<\/strong> que por aprender de los errores. Y, seg\u00fan el sindicato, esta actitud puede dejar a la comunidad universitaria <strong>igual de desprotegida<\/strong> ante futuras emergencias.<\/p>\n<p>&nbsp;<\/p>","protected":false},"excerpt":{"rendered":"<p>A pesar de las graves deficiencias se\u00f1aladas por la Inspecci\u00f3n y las denuncias del STEPV, la universidad modifica el plan de autoprotecci\u00f3n para dar cobertura a las decisiones del rectorado. Seg\u00fan el informe, la UPV no convoc\u00f3 al comit\u00e9 de autoprotecci\u00f3n, tal como establece el propio protocolo, dejando fuera de las decisiones a los representantes [&hellip;]<\/p>\n","protected":false},"author":29775,"featured_media":0,"comment_status":"closed","ping_status":"closed","sticky":false,"template":"","format":"standard","meta":{"footnotes":""},"categories":[843680],"tags":[],"class_list":["post-22516","post","type-post","status-publish","format-standard","hentry","category-altres-noticies-dinteres"],"_links":{"self":[{"href":"https:\/\/www.stepv.upv.es\/es\/wp-json\/wp\/v2\/posts\/22516","targetHints":{"allow":["GET"]}}],"collection":[{"href":"https:\/\/www.stepv.upv.es\/es\/wp-json\/wp\/v2\/posts"}],"about":[{"href":"https:\/\/www.stepv.upv.es\/es\/wp-json\/wp\/v2\/types\/post"}],"author":[{"embeddable":true,"href":"https:\/\/www.stepv.upv.es\/es\/wp-json\/wp\/v2\/users\/29775"}],"replies":[{"embeddable":true,"href":"https:\/\/www.stepv.upv.es\/es\/wp-json\/wp\/v2\/comments?post=22516"}],"version-history":[{"count":0,"href":"https:\/\/www.stepv.upv.es\/es\/wp-json\/wp\/v2\/posts\/22516\/revisions"}],"wp:attachment":[{"href":"https:\/\/www.stepv.upv.es\/es\/wp-json\/wp\/v2\/media?parent=22516"}],"wp:term":[{"taxonomy":"category","embeddable":true,"href":"https:\/\/www.stepv.upv.es\/es\/wp-json\/wp\/v2\/categories?post=22516"},{"taxonomy":"post_tag","embeddable":true,"href":"https:\/\/www.stepv.upv.es\/es\/wp-json\/wp\/v2\/tags?post=22516"}],"curies":[{"name":"wp","href":"https:\/\/api.w.org\/{rel}","templated":true}]}}