{"id":22250,"date":"2025-09-25T13:54:15","date_gmt":"2025-09-25T11:54:15","guid":{"rendered":"https:\/\/www.stepv.upv.es\/?p=22250"},"modified":"2025-09-25T13:54:15","modified_gmt":"2025-09-25T11:54:15","slug":"inclusio-de-tot-lestudiantat-pero-amb-garanties-per-al-professorat","status":"publish","type":"post","link":"https:\/\/www.stepv.upv.es\/es\/inclusio-de-tot-lestudiantat-pero-amb-garanties-per-al-professorat\/","title":{"rendered":"Inclusi\u00f3n de todo el estudiantado, pero con garant\u00edas para el profesorado"},"content":{"rendered":"<p>STEPV comparte plenamente el objetivo de garantizar una\u00a0<b>universidad inclusiva<\/b>\u00a0<b>para todo el mundo<\/b>, tal como establece la Ley Org\u00e1nica del Sistema Universitario (LOSU) en su compromiso con la accesibilidad y la inclusi\u00f3n de las personas con discapacidad de cualquier clase.<\/p>\n<p>Sin embargo, somos conscientes que la\u00a0<b>inclusi\u00f3n real<\/b>\u00a0no se hace solo con buenas intenciones, tambi\u00e9n se\u00a0<b>necesita inversi\u00f3n y planificaci\u00f3n<\/b>. Para encontrar soluciones efectivas y duraderas, STEPV ha solicitado reunirse con el equipo de gobierno, para\u00a0<b>sumar esfuerzos<\/b>, exponer nuestra visi\u00f3n y buscar v\u00edas de colaboraci\u00f3n.<\/p>\n<p>Buscamos un compromiso firme para establecer los planes de formaci\u00f3n, dotaciones de recursos y establecimiento de los protocolos necesarios para hacer frente a estos retos de manera conjunta y con \u00e9xito.<\/p>\n<p>Con el comienzo del curso, vuelve la preocupaci\u00f3n del profesorado que tiene que asumir este reto con solo un protocolo de comunicaci\u00f3n y convivencia universitaria qu\u00e9, a veces, genera m\u00e1s dudas de las que resuelve.<\/p>\n<p>Se hace patente la necesidad de\u00a0<b>encontrar soluciones<\/b>\u00a0para evitar consecuencias para la\u00a0<b>salud del profesorado<\/b>, como las producidas el curso anterior, y en este sentido desde STEPV agradecemos la buena disposici\u00f3n del rectorado para reunirnos y trabajar.<\/p>\n<p>En STEPV queremos una universidad inclusiva, pero como sindicato de trabajadoras y trabajadores nuestra\u00a0<b>prioridad es asegurar las garant\u00edas laborales suficientes del profesorado.<\/b><\/p>\n<p>Os animamos a\u00a0<b>compartir<\/b>\u00a0con nosotros vuestras\u00a0<b>ideas<\/b>, experiencias o preocupaciones en el correo\u00a0stepv@upv.es\u00a0o en nuestra oficina, en la planta baja del edificio 4G.<\/p>\n<p>Os informaremos del resultado de la reuni\u00f3n, que se celebrar\u00e1 el pr\u00f3ximo 3 de octubre.<\/p>","protected":false},"excerpt":{"rendered":"<p>STEPV comparte plenamente el objetivo de garantizar una\u00a0universidad inclusiva\u00a0para todo el mundo, tal como establece la Ley Org\u00e1nica del Sistema Universitario (LOSU) en su compromiso con la accesibilidad y la inclusi\u00f3n de las personas con discapacidad de cualquier clase. Sin embargo, somos conscientes que la\u00a0inclusi\u00f3n real\u00a0no se hace solo con buenas intenciones, tambi\u00e9n se\u00a0necesita inversi\u00f3n [&hellip;]<\/p>\n","protected":false},"author":21175,"featured_media":325,"comment_status":"closed","ping_status":"closed","sticky":false,"template":"","format":"standard","meta":{"footnotes":""},"categories":[843672],"tags":[],"class_list":["post-22250","post","type-post","status-publish","format-standard","has-post-thumbnail","hentry","category-prevencio-i-salut-laboral"],"_links":{"self":[{"href":"https:\/\/www.stepv.upv.es\/es\/wp-json\/wp\/v2\/posts\/22250","targetHints":{"allow":["GET"]}}],"collection":[{"href":"https:\/\/www.stepv.upv.es\/es\/wp-json\/wp\/v2\/posts"}],"about":[{"href":"https:\/\/www.stepv.upv.es\/es\/wp-json\/wp\/v2\/types\/post"}],"author":[{"embeddable":true,"href":"https:\/\/www.stepv.upv.es\/es\/wp-json\/wp\/v2\/users\/21175"}],"replies":[{"embeddable":true,"href":"https:\/\/www.stepv.upv.es\/es\/wp-json\/wp\/v2\/comments?post=22250"}],"version-history":[{"count":0,"href":"https:\/\/www.stepv.upv.es\/es\/wp-json\/wp\/v2\/posts\/22250\/revisions"}],"wp:featuredmedia":[{"embeddable":true,"href":"https:\/\/www.stepv.upv.es\/es\/wp-json\/wp\/v2\/media\/325"}],"wp:attachment":[{"href":"https:\/\/www.stepv.upv.es\/es\/wp-json\/wp\/v2\/media?parent=22250"}],"wp:term":[{"taxonomy":"category","embeddable":true,"href":"https:\/\/www.stepv.upv.es\/es\/wp-json\/wp\/v2\/categories?post=22250"},{"taxonomy":"post_tag","embeddable":true,"href":"https:\/\/www.stepv.upv.es\/es\/wp-json\/wp\/v2\/tags?post=22250"}],"curies":[{"name":"wp","href":"https:\/\/api.w.org\/{rel}","templated":true}]}}