{"id":22134,"date":"2025-07-21T09:58:46","date_gmt":"2025-07-21T07:58:46","guid":{"rendered":"https:\/\/www.stepv.upv.es\/?p=22134"},"modified":"2025-07-22T12:56:51","modified_gmt":"2025-07-22T10:56:51","slug":"ordre-del-dia-del-consell-de-govern-de-24-7-2025","status":"publish","type":"post","link":"https:\/\/www.stepv.upv.es\/es\/ordre-del-dia-del-consell-de-govern-de-24-7-2025\/","title":{"rendered":"Orden del d\u00eda del Consejo de Gobierno de 24\/07\/2025"},"content":{"rendered":"<p><\/p>\n<h2>Orden del d\u00eda del Consejo de Gobierno de 24\/07\/2025<\/h2>\n<p>Orden del d\u00eda:<\/p>\n<ol>\n<li>Lectura y aprobaci\u00f3n, si procede, del acta de las sesiones anteriores.<\/li>\n<li>Acuerdos de la Comisi\u00f3n Permanente.\n<ol>\n<li>Aprobaci\u00f3n, si procede, de la propuesta de adecuaci\u00f3n de las Comisiones del Consejo de Gobierno de la Universitat Polit\u00e8cnica de Val\u00e8ncia.<\/li>\n<li>Aprobaci\u00f3n, si procede, de la propuesta de modificaci\u00f3n del acuerdo de constituci\u00f3n y \u00e1mbito de actuaci\u00f3n de las Comisiones de Car\u00e1cter General de la Universitat Polit\u00e8cnica de Val\u00e8ncia.<\/li>\n<li>Aprobaci\u00f3n, si procede, de la propuesta de adecuaci\u00f3n de las Comisiones de Car\u00e1cter General de la Universitat Polit\u00e8cnica de Val\u00e8ncia.<\/li>\n<li>Aprobaci\u00f3n, si procede, de la propuesta de actualizaci\u00f3n de los miembros del Consejo de Gobierno en el Consejo Social en la Universitat Polit\u00e8cnica de Val\u00e8ncia.<\/li>\n<li>Aprobaci\u00f3n, si procede, de la propuesta de modificaci\u00f3n del acuerdo de composici\u00f3n y de adecuaci\u00f3n de los miembros del Grupo de trabajo HRS4R de la Universitat Polit\u00e8cnica de Val\u00e8ncia.<\/li>\n<li>Aprobaci\u00f3n, si procede, de la propuesta de modificaci\u00f3n de la convocatoria de elecciones para el a\u00f1o 2025 en los \u00f3rganos de gobierno y representaci\u00f3n.<\/li>\n<li>Aprobaci\u00f3n, si procede, de la propuesta de calendario de procesos electorales para el a\u00f1o 2025 en los \u00f3rganos de gobierno y representaci\u00f3n.<\/li>\n<li><\/li>\n<li>Aprobaci\u00f3n, si procede, de la propuesta de nombramiento como Doctora Honoris Causa por la Universitat Polit\u00e8cnica de Val\u00e8ncia de D\u00aa Mar\u00eda Dolores Higueras Rodr\u00edguez.<\/li>\n<li>Aprobaci\u00f3n, si procede, de la propuesta de nombramiento como Doctor Honoris Causa por la Universitat Polit\u00e8cnica de Val\u00e8ncia de D. Francisco Chinesta Soria.<\/li>\n<li>Aprobaci\u00f3n, si procede, de la propuesta de nombramiento como Doctor Honoris Causa por la Universitat Polit\u00e8cnica de Val\u00e8ncia de D Antoni Muntadas Prim-F\u00e1bregas.<\/li>\n<li>Aprobaci\u00f3n, si procede, de la propuesta de concesi\u00f3n de la distinci\u00f3n de Profesor Ad Honorem de la Universitat Polit\u00e8cnica de Val\u00e8ncia de D. Francisco Mas Verd\u00fa.<\/li>\n<li>Aprobaci\u00f3n, si procede, de la propuesta de renovaci\u00f3n de la distinci\u00f3n de Profesor Ad Honorem de la Universitat Polit\u00e8cnica de Val\u00e8ncia de D. Federico Jes\u00fas Bonet Zapater.<\/li>\n<li>Aprobaci\u00f3n, si procede, de la propuesta de renovaci\u00f3n de la distinci\u00f3n de Profesor Ad Honorem de la Universitat Polit\u00e8cnica de Val\u00e8ncia de D. Juan Bautista Marco Segura.<\/li>\n<li>Aprobaci\u00f3n, si procede, de la propuesta de renovaci\u00f3n de la distinci\u00f3n de Profesor Ad Honorem de la Universitat Polit\u00e8cnica de Val\u00e8ncia de D. Francisco Javier Fuenmayor Fern\u00e1ndez.<\/li>\n<li>Aprobaci\u00f3n, si procede, de la propuesta de renovaci\u00f3n de la distinci\u00f3n de Profesora Ad Honorem de la Universitat Polit\u00e8cnica de Val\u00e8ncia de D\u00aa. Rosa Puchades Pla.<\/li>\n<li>Aprobaci\u00f3n, si procede, de la propuesta de renovaci\u00f3n de la distinci\u00f3n de Profesor Ad Honorem de la Universitat Polit\u00e8cnica de Val\u00e8ncia de D. Francisco Casacuberta Nolla.<\/li>\n<li>Aprobaci\u00f3n, si procede, de la propuesta de renovaci\u00f3n de la distinci\u00f3n de Profesor Ad Honorem de la Universitat Polit\u00e8cnica de Val\u00e8ncia de D. Vicente Compa\u00f1 Moreno.<\/li>\n<li>Aprobaci\u00f3n, si procede, de la propuesta de renovaci\u00f3n de la distinci\u00f3n de Profesor Ad Honorem de la Universitat Polit\u00e8cnica de Val\u00e8ncia de D. Juan Ignacio Cuadrado Iglesias.<\/li>\n<li>Aprobaci\u00f3n, si procede, de la propuesta de cesi\u00f3n temporal de espacio en el campus de Vera para la instalaci\u00f3n de un cajero autom\u00e1tico de entidad bancaria.<\/li>\n<li>Aprobaci\u00f3n, si procede, de la resoluci\u00f3n del recurso de reposici\u00f3n contra el acuerdo del Consejo de Gobierno 29 de abril de 2025, por el que se aprueba el protocolo de gesti\u00f3n de las listas de distribuci\u00f3n de correo electr\u00f3nico corporativo de la UPV.<\/li>\n<\/ol>\n<\/li>\n<li>Acuerdos de la Comisi\u00f3n Acad\u00e9mica.\n<ol>\n<li>Aprobaci\u00f3n, si procede, de la propuesta de memoria de verificaci\u00f3n del Grado en Turismo, Ocio y Gesti\u00f3n Hotelera.<\/li>\n<li>Aprobaci\u00f3n, si procede, de la propuesta de memoria de verificaci\u00f3n del Grado en Empresa y Tecnolog\u00eda Digital.<\/li>\n<li>Aprobaci\u00f3n, si procede, de la propuesta de modificaci\u00f3n sustancial de la memoria de verificaci\u00f3n del t\u00edtulo del M\u00e1ster Universitario en Ciencia e Ingenier\u00eda de Alimentos.<\/li>\n<li>Aprobaci\u00f3n, si procede, de la propuesta de modificaci\u00f3n sustancial de la memoria de verificaci\u00f3n del t\u00edtulo de Grado en Conservaci\u00f3n y Restauraci\u00f3n de Bienes Culturales.<\/li>\n<li>Aprobaci\u00f3n, si procede, de la propuesta de modificaci\u00f3n de la normativa de Trabajos de Fin de Grado y Trabajos de Fin de M\u00e1ster de la UPV.<\/li>\n<\/ol>\n<\/li>\n<li>Acuerdos de la Comisi\u00f3n de I+D+i.\n<ol>\n<li>Aprobaci\u00f3n, si procede, de las propuestas de candidaturas a los Premios Nacionales de Investigaci\u00f3n 2025:\n<ol>\n<li>Aprobaci\u00f3n, si procede, de la propuesta de la candidatura de D\u00f1a. Mar\u00eda Jos\u00e9 Vi\u00f1als Blasco al Premio Nacional de Investigaci\u00f3n en la modalidad Ram\u00f3n Men\u00e9ndez Pidal, en el \u00e1rea de Humanidades.<\/li>\n<li>Aprobaci\u00f3n, si procede, de la propuesta de la candidatura de D. Jorge Ignacio Serrano Cobos al Premio Nacional de Investigaci\u00f3n en la modalidad Ram\u00f3n Men\u00e9ndez Pidal, en el \u00e1rea de Humanidades.<\/li>\n<li>Aprobaci\u00f3n, si procede, de la propuesta de la candidatura de D. Miguel Ferrando Rocher al Premio Nacional de Investigaci\u00f3n para J\u00f3venes en la modalidad Mar\u00eda Andresa Casamayor, en el \u00e1rea de Matem\u00e1ticas y Tecnolog\u00edas de la Informaci\u00f3n y las Comunicaciones.<\/li>\n<li>Aprobaci\u00f3n, si procede, de la propuesta de la candidatura de D\u00f1a. Ana D\u00edaz Rubio al Premio Nacional de Investigaci\u00f3n para J\u00f3venes en la modalidad Mar\u00eda Andresa Casamayor, en el \u00e1rea de Matem\u00e1ticas y Tecnolog\u00edas de la Informaci\u00f3n y las Comunicaciones.<\/li>\n<li>Aprobaci\u00f3n, si procede, de la propuesta de la candidatura de D. Honorat Roig Tierno al Premio Nacional de Investigaci\u00f3n para J\u00f3venes en la modalidad \u201cClara Campoamor\u201d, en el \u00e1rea de Derecho y Ciencias Econ\u00f3micas y Sociales.<\/li>\n<li>Aprobaci\u00f3n, si procede, de la propuesta de la candidatura de D\u00f1a. Nuria Chaparro Banegas al Premio Nacional de Investigaci\u00f3n para J\u00f3venes en la modalidad \u201cClara Campoamor\u201d, en el \u00e1rea de Derecho y Ciencias Econ\u00f3micas y Sociales.<\/li>\n<\/ol>\n<\/li>\n<\/ol>\n<\/li>\n<\/ol>\n<ol start=\"5\">\n<li>Acuerdos de la Comisi\u00f3n Econ\u00f3mica y de RRHH.\n<ol>\n<li>Aprobaci\u00f3n, si procede, de la propuesta de adquisici\u00f3n de terrenos para la construcci\u00f3n de nave y sala blanca en el marco del proyecto PIXEurope.<\/li>\n<li>Aprobaci\u00f3n, si procede, de la propuesta del Plan de Inversiones de la Universitat Polit\u00e8cnica de Val\u00e8ncia.<\/li>\n<li>Aprobaci\u00f3n, si procede, de la propuesta del Plan de actuaci\u00f3n de la Fundaci\u00f3n de la Comunitat Valenciana Vicente Silvestre i Consuelo Juli\u00e1n.<\/li>\n<li>Aprobaci\u00f3n, si procede, de la propuesta de resoluci\u00f3n del procedimiento de resarcimiento a favor de la empresa J&amp;A Garrigues, S.L.P., por enriquecimiento injusto.<\/li>\n<li>Aprobaci\u00f3n, si procede, de la propuesta de adecuaci\u00f3n de la Comisi\u00f3n de Desarrollo Estrat\u00e9gico.<\/li>\n<li>Aprobaci\u00f3n, si procede, de la propuesta de modificaci\u00f3n de las tasas de los ex\u00e1menes de certificaci\u00f3n de competencia CertAcles y Cambridge para el curso 2025\/2026.<\/li>\n<li>Aprobaci\u00f3n, si procede, de la propuesta de modificaci\u00f3n de las tasas de los cursos del Centro de Lenguas.<\/li>\n<\/ol>\n<\/li>\n<li>Acuerdos de la Comisi\u00f3n de Promoci\u00f3n de Profesorado.\n<ol>\n<li>Aprobaci\u00f3n, si procede, de la propuesta de retribuciones adicionales de la Generalitat Valenciana.<\/li>\n<\/ol>\n<\/li>\n<li>Acuerdos de la Comisi\u00f3n de Formaci\u00f3n Permanente.\n<ol>\n<li>Aprobaci\u00f3n, si procede, de la propuesta de nuevo t\u00edtulo propio: M\u00e1ster de Formaci\u00f3n Permanente en Regulaci\u00f3n Econ\u00f3mica de la Industria El\u00e9ctrica (60 ECTS).<\/li>\n<\/ol>\n<\/li>\n<li>Informe del Rector.<\/li>\n<li>Ruegos y preguntas.<\/li>\n<\/ol>\n<p><\/p>","protected":false},"excerpt":{"rendered":"<p>Orden del d\u00eda del Consejo de Gobierno de 24\/07\/2025 Orden del d\u00eda: Lectura y aprobaci\u00f3n, si procede, del acta de las sesiones anteriores. Acuerdos de la Comisi\u00f3n Permanente. Aprobaci\u00f3n, si procede, de la propuesta de adecuaci\u00f3n de las Comisiones del Consejo de Gobierno de la Universitat Polit\u00e8cnica de Val\u00e8ncia. Aprobaci\u00f3n, si procede, de la propuesta [&hellip;]<\/p>\n","protected":false},"author":11580,"featured_media":19844,"comment_status":"closed","ping_status":"closed","sticky":false,"template":"","format":"standard","meta":{"footnotes":""},"categories":[1099362],"tags":[],"class_list":["post-22134","post","type-post","status-publish","format-standard","has-post-thumbnail","hentry","category-consell-de-govern"],"_links":{"self":[{"href":"https:\/\/www.stepv.upv.es\/es\/wp-json\/wp\/v2\/posts\/22134","targetHints":{"allow":["GET"]}}],"collection":[{"href":"https:\/\/www.stepv.upv.es\/es\/wp-json\/wp\/v2\/posts"}],"about":[{"href":"https:\/\/www.stepv.upv.es\/es\/wp-json\/wp\/v2\/types\/post"}],"author":[{"embeddable":true,"href":"https:\/\/www.stepv.upv.es\/es\/wp-json\/wp\/v2\/users\/11580"}],"replies":[{"embeddable":true,"href":"https:\/\/www.stepv.upv.es\/es\/wp-json\/wp\/v2\/comments?post=22134"}],"version-history":[{"count":0,"href":"https:\/\/www.stepv.upv.es\/es\/wp-json\/wp\/v2\/posts\/22134\/revisions"}],"wp:featuredmedia":[{"embeddable":true,"href":"https:\/\/www.stepv.upv.es\/es\/wp-json\/wp\/v2\/media\/19844"}],"wp:attachment":[{"href":"https:\/\/www.stepv.upv.es\/es\/wp-json\/wp\/v2\/media?parent=22134"}],"wp:term":[{"taxonomy":"category","embeddable":true,"href":"https:\/\/www.stepv.upv.es\/es\/wp-json\/wp\/v2\/categories?post=22134"},{"taxonomy":"post_tag","embeddable":true,"href":"https:\/\/www.stepv.upv.es\/es\/wp-json\/wp\/v2\/tags?post=22134"}],"curies":[{"name":"wp","href":"https:\/\/api.w.org\/{rel}","templated":true}]}}