{"id":21710,"date":"2024-12-15T09:41:05","date_gmt":"2024-12-15T08:41:05","guid":{"rendered":"https:\/\/www.stepv.upv.es\/?p=21710"},"modified":"2025-10-28T13:14:46","modified_gmt":"2025-10-28T12:14:46","slug":"claustre-13-desembre-de-2024-una-xicoteta-cronica","status":"publish","type":"post","link":"https:\/\/www.stepv.upv.es\/es\/claustre-13-desembre-de-2024-una-xicoteta-cronica\/","title":{"rendered":"Una sesi\u00f3n marcada por la DANA: Claustro 13 desembre 2024"},"content":{"rendered":"<p><\/p>\n<h3>El pasado d\u00eda 13 de diciembre se reuni\u00f3 por \u00faltima vez, antes de las elecciones a rector, en una sesi\u00f3n marcada por pol\u00e9micas en la gesti\u00f3n y cuestiones clave para la comunidad universitaria. Esta cr\u00f3nica recoge los temas m\u00e1s destacados.<\/h3>\n<p>El debate estuvo precedido por un extenso informe del rector, que ya parec\u00eda anticipar el clima de campa\u00f1a electoral. En este informe, el rector puso \u00e9nfasis en la transparencia como uno de los valores principales de su gesti\u00f3n. Aun as\u00ed, como a menudo pasa, entre lo que se dice y lo que realmente se hace, hay una notable diferencia. Puesto que, por primera vez en a\u00f1os, el \u00c1rea de Comunicaci\u00f3n no ha publicado ninguna noticia sobre el Claustro, un hecho que parece ser una decisi\u00f3n intencionada porque hablar del Claustro implicar\u00eda inevitablemente abordar los errores cometidos en la gesti\u00f3n de la DANA del 29 de octubre.<\/p>\n<p>Desde STEPV, como hemos hecho siempre nos comprometemos a mantenerte informado y, por eso, te ofrecemos un resumen de los puntos que, seg\u00fan nuestro parecer, fueron m\u00e1s relevantes.<\/p>\n<h2><strong>Una sensaci\u00f3n general de descontento compartido<\/strong><\/h2>\n<p>Todas las fuerzas sindicales con representaci\u00f3n en el Claustro han coincidido en manifestar su descontento en ciertos aspectos de la gesti\u00f3n del rector. Ante estas cr\u00edticas el rector se atribuye la creaci\u00f3n del Plan Concilia, a pesar de que ya exist\u00eda antes de su mandato (2:05). Al mismo tiempo, el gerente destaca la normativa sobre teletrabajo, a pesar de que el plan definitivo que se ha aprobado se puede considerar un plan de m\u00ednimos en comparaci\u00f3n con la propuesta provisional inicial (2:08).<\/p>\n<h2><strong>La gesti\u00f3n de la DANA<\/strong><\/h2>\n<p>Uno de los momentos m\u00e1s tensos ha sido lo en lo referente a la gesti\u00f3n de la DANA. Durante la emergencia, se dieron instrucciones confusas que pusieron en riesgo a trabajadores de la universidad. Un ejemplo destacado ha sido el caso de una trabajadora de nuestra universidad que qued\u00f3 atrapada y que tuvo que pasar la noche arriba de un techo para salvarse (2:11).<\/p>\n<p>El rector, se ha mostrado indignado ante estas cr\u00edticas y ha remarcado que cada cual tiene que ser responsable de sus decisiones (2:13). Sin embargo, para nosotros, lo verdaderamente indignante \u2014como expres\u00f3 Olaya Mart\u00ednez, de STEPV, (2:44)\u2014 es que se considere que el personal que se qued\u00f3 en la universidad durante la DANA se le impute que fue por decisi\u00f3n suya. Las instrucciones no se dieron de manera clara, y las decisiones se tomaron tarde. Tambi\u00e9n quiso agradecer la tarea de los compa\u00f1eros de la UPV que han gestionado la ayuda a los afectados por la DANA.<\/p>\n<p>En la misma l\u00ednea Vicent Juli\u00e0, les ha reprochado que no se reuni\u00f3 el comit\u00e9 de autoprotecci\u00f3n y resalt\u00f3 que, como admiti\u00f3 el gerente, los responsables no ten\u00edan la formaci\u00f3n correcta en materia de protecci\u00f3n ante cat\u00e1strofes. Se critica que, dos d\u00edas despu\u00e9s de la DANA, el rectorado se centrara a convocar elecciones en lugar de priorizar la respuesta ante la cat\u00e1strofe (2:38).<\/p>\n<p>&nbsp;<\/p>\n<h2><strong>Tambi\u00e9n hubo oportunidad de introducir otros temas en el debate, por ejemplo:<\/strong><\/h2>\n<h3><strong>Mejorar la normativa de evaluaci\u00f3n del estudiantado<\/strong><\/h3>\n<p>En cuanto a la normativa de evaluaci\u00f3n, Imma Oliver, representante de STEPV y presidenta del comit\u00e9 de empresa, ha preguntado a la S\u00edndica de Agravios sobre las quejas relacionadas del estudiantado sobre esta normativa. La s\u00edndica ha explicado que la mayor\u00eda de los casos se resuelven aclarando aspectos sobre la normativa, no obstante, Imma Oliver ha propuesto revisarla para evitar interpretaciones err\u00f3neas y garantizar una aplicaci\u00f3n m\u00e1s clara (2:49).<\/p>\n<h3><strong>Hay que aplicar la LOSU<\/strong><\/h3>\n<p>La situaci\u00f3n del profesorado asociado tambi\u00e9n ha generado debate. Hemos denunciado la desigualdad entre los asociados contratados anualmente y los que se podr\u00edan estabilizar con las nuevas normativas. A pesar de que el vicerrector ha indicado que hay una pr\u00f3rroga hasta el a\u00f1o 2028, no se han ofrecido respuestas claras sobre el futuro del procedimiento de estabilizaci\u00f3n (2:53). Es un tema importante y creemos importante que se avance en esta materia.<\/p>\n<h3><strong>Estudiar en valenciano<\/strong><\/h3>\n<p>Finalmente, nuestra compa\u00f1era Elena P\u00e9rez Bernabeu, ha destacado la dificultad creciente para los estudiantes de acceder a la docencia en valenciano, a pesar de la demanda existente. La vicerrectora Mar\u00eda del Val Segarra, ha instado al profesorado a aumentar la oferta en esta lengua para dar respuesta a las necesidades del estudiantado (3:05). Aunque estar\u00eda genial que de manera voluntaria el profesorado diera el paso\u2026 hace falta un plan director desde rectorado para cumplir el estatuto y la ley de uso. Os podemos avanzar que en STEPV estamos estudiando varias acciones para avanzar en el uso de nuestra lengua\u2026 hay que sacar al valenciano de la UCI.<\/p>\n<h2>En conclusi\u00f3n:<\/h2>\n<p>El Claustro refleja una universidad con grandes retos pendientes. Desde la gesti\u00f3n de crisis como la DANA hasta temas como el valenciano y la estabilizaci\u00f3n laboral, se hace evidente la necesidad de soluciones claras. Desde STEPV, continuaremos trabajando por una universidad m\u00e1s justa y comprometida con su comunidad.<\/p>\n<p>Enlace al video del Claustro:\u00a0<a href=\"https:\/\/media.upv.es\/player\/?id=097ffa90-bc5c-11ef-a5a4-df2e29eb9743\">https:\/\/media.upv.es\/player\/?id=097ffa90-bc5c-11ef-a5a4-df2e29eb9743<\/a><\/p>","protected":false},"excerpt":{"rendered":"<p>El pasado d\u00eda 13 de diciembre se reuni\u00f3 por \u00faltima vez, antes de las elecciones a rector, en una sesi\u00f3n marcada por pol\u00e9micas en la gesti\u00f3n y cuestiones clave para la comunidad universitaria. Esta cr\u00f3nica recoge los temas m\u00e1s destacados. El debate estuvo precedido por un extenso informe del rector, que ya parec\u00eda anticipar el [&hellip;]<\/p>\n","protected":false},"author":29775,"featured_media":0,"comment_status":"closed","ping_status":"closed","sticky":false,"template":"","format":"standard","meta":{"footnotes":""},"categories":[843678],"tags":[],"class_list":["post-21710","post","type-post","status-publish","format-standard","hentry","category-organs-de-govern"],"_links":{"self":[{"href":"https:\/\/www.stepv.upv.es\/es\/wp-json\/wp\/v2\/posts\/21710","targetHints":{"allow":["GET"]}}],"collection":[{"href":"https:\/\/www.stepv.upv.es\/es\/wp-json\/wp\/v2\/posts"}],"about":[{"href":"https:\/\/www.stepv.upv.es\/es\/wp-json\/wp\/v2\/types\/post"}],"author":[{"embeddable":true,"href":"https:\/\/www.stepv.upv.es\/es\/wp-json\/wp\/v2\/users\/29775"}],"replies":[{"embeddable":true,"href":"https:\/\/www.stepv.upv.es\/es\/wp-json\/wp\/v2\/comments?post=21710"}],"version-history":[{"count":0,"href":"https:\/\/www.stepv.upv.es\/es\/wp-json\/wp\/v2\/posts\/21710\/revisions"}],"wp:attachment":[{"href":"https:\/\/www.stepv.upv.es\/es\/wp-json\/wp\/v2\/media?parent=21710"}],"wp:term":[{"taxonomy":"category","embeddable":true,"href":"https:\/\/www.stepv.upv.es\/es\/wp-json\/wp\/v2\/categories?post=21710"},{"taxonomy":"post_tag","embeddable":true,"href":"https:\/\/www.stepv.upv.es\/es\/wp-json\/wp\/v2\/tags?post=21710"}],"curies":[{"name":"wp","href":"https:\/\/api.w.org\/{rel}","templated":true}]}}