{"id":21685,"date":"2024-12-13T09:16:27","date_gmt":"2024-12-13T08:16:27","guid":{"rendered":"https:\/\/www.stepv.upv.es\/?p=21685"},"modified":"2024-12-13T09:16:27","modified_gmt":"2024-12-13T08:16:27","slug":"ordre-del-dia-del-consell-de-govern-de-19-12-2024","status":"publish","type":"post","link":"https:\/\/www.stepv.upv.es\/es\/ordre-del-dia-del-consell-de-govern-de-19-12-2024\/","title":{"rendered":"Orden del d\u00eda del Consejo de Gobierno de 19\/12\/2024"},"content":{"rendered":"<p><\/p>\n<h2>Orden del d\u00eda del Consejo de Gobierno de 19\/12\/2024<\/h2>\n<ol>\n<li>Lectura y aprobaci\u00f3n, si procede, de las actas de las sesiones anteriores.<\/li>\n<li>Acuerdos de la Comisi\u00f3n Permanente.\n<ol>\n<li>Aprobaci\u00f3n, si procede, de la propuesta de modificaci\u00f3n del acuerdo de constituci\u00f3n y \u00e1mbito de actuaci\u00f3n de las Comisiones de Car\u00e1cter General de la Universitat Polit\u00e8cnica de Val\u00e8ncia.<\/li>\n<li>Aprobaci\u00f3n, si procede, de la propuesta de constituci\u00f3n de un grupo de trabajo para la extensi\u00f3n de actividad acad\u00e9mica y presencia en el continente asi\u00e1tico de la Universitat Polit\u00e9cnica de Val\u00e8ncia.<\/li>\n<li>Aprobaci\u00f3n, si procede, de la propuesta de adecuaci\u00f3n de las Comisiones de Car\u00e1cter General de la Universitat Polit\u00e8cnica de Val\u00e8ncia.<\/li>\n<li>Aprobaci\u00f3n, si procede, de la propuesta de adecuaci\u00f3n de la Comisi\u00f3n Electoral de la Universitat Polit\u00e8cnica de Val\u00e8ncia.<\/li>\n<li>Aprobaci\u00f3n, si procede, de la propuesta de convocatoria y calendario de elecciones al Claustro Universitario.<\/li>\n<li>Aprobaci\u00f3n, si procede, de la propuesta de convocatoria y calendario de elecciones a coordinador o coordinadora de Directores o Directoras de Escuela o Decanos o Decanas de Facultad y coordinador o coordinadora de Directores de Departamento.<\/li>\n<li>Aprobaci\u00f3n, si procede, de la propuesta de pr\u00f3rroga del III Plan Igualdad de la Universitat Polit\u00e8cnica de Val\u00e8ncia.<\/li>\n<li>Aprobaci\u00f3n, si procede, de la propuesta de reconocimiento por la gesti\u00f3n de las Direcciones Acad\u00e9micas de T\u00edtulo y de Coordinaci\u00f3n de Programas de Doctorado.<\/li>\n<li>Aprobaci\u00f3n, si procede, de la propuesta de modificaci\u00f3n de los Estatutos de la Fundaci\u00f3n Servipoli de la Comunitat Valenciana.<\/li>\n<li>Aprobaci\u00f3n, si procede, de la propuesta de modificaci\u00f3n de los Estatutos de la Fundaci\u00f3n CEDAT de la Comunitat Valenciana.<\/li>\n<li>Aprobaci\u00f3n, si procede, de la propuesta de concesi\u00f3n de la distinci\u00f3n de Profesora Ad Honorem de la Universitat Polit\u00e8cnica de Val\u00e8ncia a D\u00aa. Clara P\u00e9rez Fuster.<\/li>\n<li>Aprobaci\u00f3n, si procede, de la propuesta de concesi\u00f3n de la distinci\u00f3n de Profesor Ad Honorem de la Universitat Polit\u00e8cnica de Val\u00e8ncia a D. Vicente G\u00f3mez Lozano.<\/li>\n<li>Aprobaci\u00f3n, si procede, de la propuesta de concesi\u00f3n de la Medalla XXV a\u00f1os de la Universitat Polit\u00e8cnica de Val\u00e8ncia.<\/li>\n<li>Aprobaci\u00f3n, si procede, de la resoluci\u00f3n del recurso de reposici\u00f3n contra el acuerdo del Consejo de Gobierno extraordinario de 31 de octubre de 2024, por el que se convocan elecciones a Rector o Rectora de la Universitat Polit\u00e8cnica de Val\u00e8ncia.<\/li>\n<\/ol>\n<\/li>\n<li>Acuerdos de la Comisi\u00f3n Acad\u00e9mica.\n<ol>\n<li>Aprobaci\u00f3n, si procede, de la propuesta de memoria de verificaci\u00f3n del M\u00e1ster Universitario en Responsabilidad y Sostenibilidad Corporativa.<\/li>\n<li>Aprobaci\u00f3n, si procede, de la propuesta de modificaci\u00f3n sustancial del Grado en Ingenier\u00eda Qu\u00edmica.<\/li>\n<li>Aprobaci\u00f3n, si procede, de la propuesta de modificaci\u00f3n sustancial del Grado en Ingenier\u00eda y Gesti\u00f3n Empresarial del centro adscrito EDEM.<\/li>\n<li>Aprobaci\u00f3n, si procede, de la propuesta de modificaci\u00f3n de Calendario Acad\u00e9mico Universitario del curso 2024-2025.<\/li>\n<\/ol>\n<\/li>\n<li>Acuerdos de la Comisi\u00f3n de I+D+i.\n<ol>\n<li>Aprobaci\u00f3n, si procede, de la creaci\u00f3n de Unidad Mixta de Investigaci\u00f3n UPV-Centre de Ci\u00e8ncia i Tecnologia Forestal de Catalunya.<\/li>\n<li>Aprobaci\u00f3n, si procede, de la creaci\u00f3n del nuevo Servicio de Investigaci\u00f3n Aerodin\u00e1mica como servicio de apoyo a la I+D para la UPV.<\/li>\n<li>Aprobaci\u00f3n, si procede, de la adhesi\u00f3n de la UPV a EIT Health como Associate Partner.<\/li>\n<li>Aprobaci\u00f3n, si procede, de la adhesi\u00f3n de la UPV a l\u00bfAssociaci\u00f3 de Productors i Comercialitzadors de Bajoques i Bajocons Valencians.<\/li>\n<li>Aprobaci\u00f3n, si procede, de la adhesi\u00f3n de la UPV a l\u00bfAssociaci\u00f3 de Productors i Comercialitzadors del Cacau Valenci\u00e0.<\/li>\n<li>Aprobaci\u00f3n, si procede, de la adhesi\u00f3n de la UPV a la Asociaci\u00f3n Europea para la Investigaci\u00f3n Animal (EARA).<\/li>\n<\/ol>\n<\/li>\n<li>Acuerdos de la Comisi\u00f3n Econ\u00f3mica y de RRHH.\n<ol>\n<li>Informe de la pr\u00f3rroga de los presupuestos de la Universitat Polit\u00e8cnica de Val\u00e8ncia para el a\u00f1o 2025.<\/li>\n<li>Aprobaci\u00f3n, si procede, de la propuesta de presupuesto de 2025 de la Entidad Dependiente de la Universitat Polit\u00e8cnica de Val\u00e8ncia: Fundaci\u00f3n Agromuseu de Vera.<\/li>\n<li>Aprobaci\u00f3n, si procede, de la propuesta de presupuesto de 2025 de la Entidad Dependiente de la Universitat Polit\u00e8cnica de Val\u00e8ncia: Fundaci\u00f3n CPI.<\/li>\n<li>Aprobaci\u00f3n, si procede, de la propuesta de presupuesto de 2025 de la Entidad Dependiente de la Universitat Polit\u00e8cnica de Val\u00e8ncia: CEDAT AG SL.<\/li>\n<li>Aprobaci\u00f3n, si procede, de la propuesta de presupuesto de 2025 de la Entidad Dependiente de la Universitat Polit\u00e8cnica de Val\u00e8ncia: Fundaci\u00f3n CEDAT.<\/li>\n<li>Aprobaci\u00f3n, si procede, de la propuesta de presupuesto de 2025 de la Entidad Dependiente de la Universitat Polit\u00e8cnica de Val\u00e8ncia: Fundaci\u00f3n Servipoli.<\/li>\n<li>Aprobaci\u00f3n, si procede, de la propuesta de calendario laboral Universitat Polit\u00e8cnica de Val\u00e8ncia 2025.<\/li>\n<li>Aprobaci\u00f3n, si procede, de las tarifas aplicables a algunos Servicios de Apoyo a la Investigaci\u00f3n:\n<ol>\n<li>Tarifas del Servicio de Microscop\u00eda.<\/li>\n<li>Tarifas del Servicio de Investigaci\u00f3n Aerodin\u00e1mica.<\/li>\n<\/ol>\n<\/li>\n<li>Aprobaci\u00f3n, si procede, de la propuesta de resoluci\u00f3n del procedimiento de enriquecimiento injusto por la limpieza de los Campus de Gand\u00eda y Alcoi por la empresa VARESER 96 S.L.<\/li>\n<li>Aprobaci\u00f3n, si procede, de la propuesta del Plan de Ordenaci\u00f3n Docente para el curso 2025\/2026.<\/li>\n<li>Aprobaci\u00f3n, si procede, de la adquisici\u00f3n del local situado en el edificio de la Avenida de los Naranjos n\u00ba 33 (Local propiedad GRUPOTEC).<\/li>\n<\/ol>\n<\/li>\n<li>Acuerdos de la Comisi\u00f3n de Promoci\u00f3n de Profesorado.\n<ol>\n<li>Aprobaci\u00f3n, si procede, de la propuesta de solicitud de profesor em\u00e9rito de D. Juan Francisco Juli\u00e1 Igual.<\/li>\n<li>Aprobaci\u00f3n, si procede, de la propuesta de solicitud de profesor em\u00e9rito de D. Agust\u00edn Blasco Mateu.<\/li>\n<li>Aprobaci\u00f3n, si procede, de la propuesta de solicitud de profesor em\u00e9rito de D. Jos\u00e9 S\u00e1nchez-Dehesa Moreno-Cid.<\/li>\n<\/ol>\n<\/li>\n<li>Acuerdos de la Comisi\u00f3n de Formaci\u00f3n Permanente.\n<ol>\n<li>Aprobaci\u00f3n, si procede, de las propuestas de los nuevos t\u00edtulos propios:\n<ol>\n<li>Diploma de Experto en Geoinformation Tools for Climate Change Management (15 ECTS)<\/li>\n<li>Diploma de Experto en Gen\u00e9tica y Neuropediatr\u00eda (20 ECTS)<\/li>\n<li>Diploma de Experto en Gesti\u00f3n de Procesos con SAP Signavio (20 ECTS)<\/li>\n<\/ol>\n<\/li>\n<\/ol>\n<\/li>\n<li>Informe de la Presidencia<\/li>\n<li>Ruegos y preguntas.<\/li>\n<\/ol>\n<p><\/p>","protected":false},"excerpt":{"rendered":"<p>Orden del d\u00eda del Consejo de Gobierno de 19\/12\/2024 Lectura y aprobaci\u00f3n, si procede, de las actas de las sesiones anteriores. Acuerdos de la Comisi\u00f3n Permanente. Aprobaci\u00f3n, si procede, de la propuesta de modificaci\u00f3n del acuerdo de constituci\u00f3n y \u00e1mbito de actuaci\u00f3n de las Comisiones de Car\u00e1cter General de la Universitat Polit\u00e8cnica de Val\u00e8ncia. Aprobaci\u00f3n, [&hellip;]<\/p>\n","protected":false},"author":11580,"featured_media":19844,"comment_status":"closed","ping_status":"closed","sticky":false,"template":"","format":"standard","meta":{"footnotes":""},"categories":[1099362],"tags":[],"class_list":["post-21685","post","type-post","status-publish","format-standard","has-post-thumbnail","hentry","category-consell-de-govern"],"_links":{"self":[{"href":"https:\/\/www.stepv.upv.es\/es\/wp-json\/wp\/v2\/posts\/21685","targetHints":{"allow":["GET"]}}],"collection":[{"href":"https:\/\/www.stepv.upv.es\/es\/wp-json\/wp\/v2\/posts"}],"about":[{"href":"https:\/\/www.stepv.upv.es\/es\/wp-json\/wp\/v2\/types\/post"}],"author":[{"embeddable":true,"href":"https:\/\/www.stepv.upv.es\/es\/wp-json\/wp\/v2\/users\/11580"}],"replies":[{"embeddable":true,"href":"https:\/\/www.stepv.upv.es\/es\/wp-json\/wp\/v2\/comments?post=21685"}],"version-history":[{"count":0,"href":"https:\/\/www.stepv.upv.es\/es\/wp-json\/wp\/v2\/posts\/21685\/revisions"}],"wp:featuredmedia":[{"embeddable":true,"href":"https:\/\/www.stepv.upv.es\/es\/wp-json\/wp\/v2\/media\/19844"}],"wp:attachment":[{"href":"https:\/\/www.stepv.upv.es\/es\/wp-json\/wp\/v2\/media?parent=21685"}],"wp:term":[{"taxonomy":"category","embeddable":true,"href":"https:\/\/www.stepv.upv.es\/es\/wp-json\/wp\/v2\/categories?post=21685"},{"taxonomy":"post_tag","embeddable":true,"href":"https:\/\/www.stepv.upv.es\/es\/wp-json\/wp\/v2\/tags?post=21685"}],"curies":[{"name":"wp","href":"https:\/\/api.w.org\/{rel}","templated":true}]}}