{"id":20319,"date":"2022-09-23T08:03:45","date_gmt":"2022-09-23T06:03:45","guid":{"rendered":"https:\/\/www.stepv.upv.es\/?p=20319"},"modified":"2022-09-23T08:03:45","modified_gmt":"2022-09-23T06:03:45","slug":"ordre-del-dia-del-consell-de-govern-de-21-7-2022-2-2","status":"publish","type":"post","link":"https:\/\/www.stepv.upv.es\/es\/ordre-del-dia-del-consell-de-govern-de-21-7-2022-2-2\/","title":{"rendered":"Orden del d\u00eda Consejo de Gobierno 29\/9\/2022"},"content":{"rendered":"<p><\/p>\n<h2>Orden del d\u00eda Consejo de Gobierno 29\/9\/2022<\/h2>\n<ol>\n<li>Lectura y aprobaci\u00f3n, si procede, del acta de la sesi\u00f3n anterior<\/li>\n<li>Ratificaci\u00f3n, si procede, de los acuerdos de la Comisi\u00f3n Permanente\n<ol>\n<li>Aprobaci\u00f3n, si procede, de la propuesta de actualizaci\u00f3n de los miembros de comisiones de car\u00e1cter general<\/li>\n<li>Aprobaci\u00f3n, si procede, de la propuesta de modificaci\u00f3n del acuerdo de composici\u00f3n y de adecuaci\u00f3n de los miembros del grupo de trabajo HRS4R de la Universitat Polit\u00e8cnica de Val\u00e8ncia<\/li>\n<li>Aprobaci\u00f3n, si procede, de la propuesta del Plan de promoci\u00f3n del uso del valenciano en los servicios de la Universitat Polit\u00e8cnica de Val\u00e8ncia<\/li>\n<li>Aprobaci\u00f3n, si procede, de la propuesta de concesi\u00f3n de la distinci\u00f3n de Alumni destacado y destacada de la Universitat Polit\u00e8cnica de Val\u00e8ncia para el a\u00f1o 2022<\/li>\n<\/ol>\n<\/li>\n<li>Ratificaci\u00f3n, si procede, de los acuerdos de la Comisi\u00f3n Acad\u00e9mica\n<ol>\n<li>Aprobaci\u00f3n, si procede, del Convenio marco de colaboraci\u00f3n educativa para la formaci\u00f3n dual del t\u00edtulo universitario oficial de M\u00e1ster Universitario en Ingenier\u00eda de Telecomunicaci\u00f3n<\/li>\n<\/ol>\n<\/li>\n<li>Ratificaci\u00f3n, si procede, de los acuerdos de la Comisi\u00f3n de I+D+I\n<ol>\n<li>Aprobaci\u00f3n, si procede, de la propuesta de adhesi\u00f3n de la Universitat Polit\u00e8cnica de Val\u00e8ncia a la Asociaci\u00f3n Informatics Europe<\/li>\n<li>Aprobaci\u00f3n, si procede, de la propuesta de acuerdo de membres\u00eda de la Universitat Polit\u00e8cnica de Val\u00e8ncia en la Comunidad de Climate-Kic<\/li>\n<li>Aprobaci\u00f3n, si procede, de la propuesta de adhesi\u00f3n de la Universitat Polit\u00e8cnica de Val\u00e8ncia a la Asociaci\u00f3n de empresas y entidades que constituyen la bioregi\u00f3n de la Comunitat Valenciana (BIOVAL)<\/li>\n<li>Aprobaci\u00f3n, si procede, de la propuesta de adhesi\u00f3n de la Universitat Polit\u00e8cnica de Val\u00e8ncia a la Asociaci\u00f3n internacional para la investigaci\u00f3n tecnol\u00f3gica en sistemas de propulsi\u00f3n y veh\u00edculos sostenibles &#8211; (IASTEC EI)<\/li>\n<\/ol>\n<\/li>\n<li>Ratificaci\u00f3n, si procede, de los acuerdos de la Comisi\u00f3n Econ\u00f3mica y de Recursos Humanos\n<ol>\n<li>Aprobaci\u00f3n, si procede, de la propuesta de modificaci\u00f3n de la relaci\u00f3n de puestos de trabajo del personal docente e investigador<\/li>\n<li>Aprobaci\u00f3n, si procede, de la propuesta de venta de las participaciones de la Universitat Poilt\u00e8cnica de Val\u00e8ncia en la spin-off TITANIA SERVICIOS TECNOLOGICOS SL<\/li>\n<\/ol>\n<\/li>\n<li>Informe del Rector<\/li>\n<li>Ruegos y preguntas<\/li>\n<\/ol>\n<p><\/p>","protected":false},"excerpt":{"rendered":"<p>Orden del d\u00eda Consejo de Gobierno 29\/9\/2022 Lectura y aprobaci\u00f3n, si procede, del acta de la sesi\u00f3n anterior Ratificaci\u00f3n, si procede, de los acuerdos de la Comisi\u00f3n Permanente Aprobaci\u00f3n, si procede, de la propuesta de actualizaci\u00f3n de los miembros de comisiones de car\u00e1cter general Aprobaci\u00f3n, si procede, de la propuesta de modificaci\u00f3n del acuerdo de [&hellip;]<\/p>\n","protected":false},"author":11580,"featured_media":19844,"comment_status":"closed","ping_status":"closed","sticky":false,"template":"","format":"standard","meta":{"footnotes":""},"categories":[1099362],"tags":[],"class_list":["post-20319","post","type-post","status-publish","format-standard","has-post-thumbnail","hentry","category-consell-de-govern"],"_links":{"self":[{"href":"https:\/\/www.stepv.upv.es\/es\/wp-json\/wp\/v2\/posts\/20319","targetHints":{"allow":["GET"]}}],"collection":[{"href":"https:\/\/www.stepv.upv.es\/es\/wp-json\/wp\/v2\/posts"}],"about":[{"href":"https:\/\/www.stepv.upv.es\/es\/wp-json\/wp\/v2\/types\/post"}],"author":[{"embeddable":true,"href":"https:\/\/www.stepv.upv.es\/es\/wp-json\/wp\/v2\/users\/11580"}],"replies":[{"embeddable":true,"href":"https:\/\/www.stepv.upv.es\/es\/wp-json\/wp\/v2\/comments?post=20319"}],"version-history":[{"count":0,"href":"https:\/\/www.stepv.upv.es\/es\/wp-json\/wp\/v2\/posts\/20319\/revisions"}],"wp:featuredmedia":[{"embeddable":true,"href":"https:\/\/www.stepv.upv.es\/es\/wp-json\/wp\/v2\/media\/19844"}],"wp:attachment":[{"href":"https:\/\/www.stepv.upv.es\/es\/wp-json\/wp\/v2\/media?parent=20319"}],"wp:term":[{"taxonomy":"category","embeddable":true,"href":"https:\/\/www.stepv.upv.es\/es\/wp-json\/wp\/v2\/categories?post=20319"},{"taxonomy":"post_tag","embeddable":true,"href":"https:\/\/www.stepv.upv.es\/es\/wp-json\/wp\/v2\/tags?post=20319"}],"curies":[{"name":"wp","href":"https:\/\/api.w.org\/{rel}","templated":true}]}}