{"id":20114,"date":"2022-05-06T08:16:27","date_gmt":"2022-05-06T06:16:27","guid":{"rendered":"https:\/\/www.stepv.upv.es\/?p=20114"},"modified":"2022-05-06T08:17:33","modified_gmt":"2022-05-06T06:17:33","slug":"resum-del-consell-de-govern-de-28-04-2022","status":"publish","type":"post","link":"https:\/\/www.stepv.upv.es\/es\/resum-del-consell-de-govern-de-28-04-2022\/","title":{"rendered":"Resumen del Consejo de Gobierno de 28\/04\/2022"},"content":{"rendered":"<p>La sesi\u00f3n de 28 de abril de 2022 del Consejo de Gobierno estuvo llena de asuntos importantes y de interes. En el v\u00eddeo tambi\u00e9n incluimos el resumen de las sesiones de marzo y\u00a0abril del Consejo Social. Aqu\u00ed os dejo mi resumen.<\/p>\n<div class=\"fusion-video fusion-youtube fusion-aligncenter\" style=\"max-width:600px;max-height:360px; width:100%\"><div class=\"video-shortcode\"><iframe loading=\"lazy\" title=\"YouTube video player\" src=\"https:\/\/www.youtube.com\/embed\/sJTS6fCCtg8?wmode=transparent&autoplay=0\" width=\"600\" height=\"360\" allowfullscreen allow=\"autoplay; fullscreen\"><\/iframe><\/div><\/div>\n<p>&nbsp;<\/p>\n<p>El resumen incluye:<\/p>\n<p style=\"padding-left: 40px\"><a href=\"https:\/\/www.youtube.com\/watch?v=sJTS6fCCtg8&amp;t=0s\">00:00<\/a> Inicio<\/p>\n<p style=\"padding-left: 40px\"><a href=\"https:\/\/www.youtube.com\/watch?v=sJTS6fCCtg8&amp;t=21s\">00:21<\/a> Medalla UPV para el Rector Mora<\/p>\n<p style=\"padding-left: 40px\"><a href=\"https:\/\/www.youtube.com\/watch?v=sJTS6fCCtg8&amp;t=55s\">0:55<\/a> Convenio con la Florida Universitaria<\/p>\n<p style=\"padding-left: 40px\"><a href=\"https:\/\/www.youtube.com\/watch?v=sJTS6fCCtg8&amp;t=167s\">2:47<\/a> Calendario laboral<\/p>\n<p style=\"padding-left: 40px\"><a href=\"https:\/\/www.youtube.com\/watch?v=sJTS6fCCtg8&amp;t=230s\">3:50<\/a> Teletrabajo<\/p>\n<p style=\"padding-left: 40px\"><a href=\"https:\/\/www.youtube.com\/watch?v=sJTS6fCCtg8&amp;t=251s\">4:11:<\/a> Reestructuraci\u00f3n del Servicio de Deportes<\/p>\n<p style=\"padding-left: 40px\"><a href=\"https:\/\/www.youtube.com\/watch?v=sJTS6fCCtg8&amp;t=362s\">6:02<\/a> Aplicaci\u00f3n de la Reforma Laboral<\/p>\n<p style=\"padding-left: 40px\"><a href=\"https:\/\/www.youtube.com\/watch?v=sJTS6fCCtg8&amp;t=571s\">9:31<\/a> Relaci\u00f3n dr acuerdos<\/p>\n<p style=\"padding-left: 40px\"><a href=\"https:\/\/www.youtube.com\/watch?v=sJTS6fCCtg8&amp;t=631s\">10:31<\/a> Informe del Rector: Novedades sobre las retribuciones adicionales 2019 y 2020<\/p>\n<p style=\"padding-left: 40px\"><a href=\"https:\/\/www.youtube.com\/watch?v=sJTS6fCCtg8&amp;t=671s\">11:11<\/a> Consejos sociales de marzo y abril<\/p>\n<p style=\"padding-left: 40px\"><a href=\"https:\/\/www.youtube.com\/watch?v=sJTS6fCCtg8&amp;t=702s\">11:42<\/a> Cuentas anuales<\/p>\n<p>Espero que te sea de utilidad.<\/p>\n<p><span style=\"color: #af2020\"><strong><em>Tus ojos y tu voz&#8230; <\/em><\/strong><\/span><\/p>","protected":false},"excerpt":{"rendered":"<p>La sesi\u00f3n de 28 de abril de 2022 del Consejo de Gobierno estuvo llena de asuntos importantes y de interes. En el v\u00eddeo tambi\u00e9n incluimos el resumen de las sesiones de marzo y\u00a0abril del Consejo Social. Aqu\u00ed os dejo mi resumen. &nbsp; El resumen incluye: 00:00 Inicio 00:21 Medalla UPV para el Rector Mora 0:55 [&hellip;]<\/p>\n","protected":false},"author":11580,"featured_media":0,"comment_status":"closed","ping_status":"closed","sticky":false,"template":"","format":"standard","meta":{"footnotes":""},"categories":[1099362],"tags":[],"class_list":["post-20114","post","type-post","status-publish","format-standard","hentry","category-consell-de-govern"],"_links":{"self":[{"href":"https:\/\/www.stepv.upv.es\/es\/wp-json\/wp\/v2\/posts\/20114","targetHints":{"allow":["GET"]}}],"collection":[{"href":"https:\/\/www.stepv.upv.es\/es\/wp-json\/wp\/v2\/posts"}],"about":[{"href":"https:\/\/www.stepv.upv.es\/es\/wp-json\/wp\/v2\/types\/post"}],"author":[{"embeddable":true,"href":"https:\/\/www.stepv.upv.es\/es\/wp-json\/wp\/v2\/users\/11580"}],"replies":[{"embeddable":true,"href":"https:\/\/www.stepv.upv.es\/es\/wp-json\/wp\/v2\/comments?post=20114"}],"version-history":[{"count":0,"href":"https:\/\/www.stepv.upv.es\/es\/wp-json\/wp\/v2\/posts\/20114\/revisions"}],"wp:attachment":[{"href":"https:\/\/www.stepv.upv.es\/es\/wp-json\/wp\/v2\/media?parent=20114"}],"wp:term":[{"taxonomy":"category","embeddable":true,"href":"https:\/\/www.stepv.upv.es\/es\/wp-json\/wp\/v2\/categories?post=20114"},{"taxonomy":"post_tag","embeddable":true,"href":"https:\/\/www.stepv.upv.es\/es\/wp-json\/wp\/v2\/tags?post=20114"}],"curies":[{"name":"wp","href":"https:\/\/api.w.org\/{rel}","templated":true}]}}