{"id":19852,"date":"2022-03-04T08:41:52","date_gmt":"2022-03-04T07:41:52","guid":{"rendered":"https:\/\/www.stepv.upv.es\/?p=19852"},"modified":"2022-03-04T08:41:52","modified_gmt":"2022-03-04T07:41:52","slug":"ordre-del-dia-del-consell-de-govern-de-10-3-2022","status":"publish","type":"post","link":"https:\/\/www.stepv.upv.es\/es\/ordre-del-dia-del-consell-de-govern-de-10-3-2022\/","title":{"rendered":"Orden del d\u00eda del Consejo de Gobierno del 10\/3\/2022"},"content":{"rendered":"<p>Orden del d\u00eda de la sesi\u00f3n del Consejo de Gobierno del 10\/3\/2022<\/p>\n<p>1. Lectura y aprobaci\u00f3n, si procede, del acta de la sesi\u00f3n anterior<\/p>\n<p>2. Ratificaci\u00f3n, si procede, de los acuerdos de la Comisi\u00f3n Permanente<\/p>\n<p style=\"padding-left: 40px\">1. Aprobaci\u00f3n, si procede, de la propuesta de adecuaci\u00f3n de las Comisiones del Consejo de Gobierno de la Universitat Polit\u00e8cnica de Val\u00e8ncia<\/p>\n<p style=\"padding-left: 40px\">2. Aprobaci\u00f3n, si procede, de la propuesta de modificaci\u00f3n del acuerdo de constituci\u00f3n y \u00e1mbito de actuaci\u00f3n de las Comisiones de Car\u00e1cter General de la Universitat Polit\u00e8cnica de Val\u00e8ncia<\/p>\n<p style=\"padding-left: 40px\">3. Aprobaci\u00f3n, si procede, de la propuesta de adecuaci\u00f3n de las Comisiones de Car\u00e1cter General de la Universitat Polit\u00e8cnica de Val\u00e8ncia<\/p>\n<p style=\"padding-left: 40px\">4. Aprobaci\u00f3n, si procede, de la propuesta de modificaci\u00f3n del Reglamento del Consejo de Gobierno<\/p>\n<p style=\"padding-left: 40px\">5. Aprobaci\u00f3n, si procede, de la propuesta de normativa por la que se regulan las modalidades de celebraci\u00f3n a distancia y mixta de sesiones de los \u00f3rganos colegiados de la Universitat Polit\u00e8cnica de Val\u00e8ncia<\/p>\n<p style=\"padding-left: 40px\">6. Aprobaci\u00f3n, si procede, de la propuesta de Pol\u00edtica de Protecci\u00f3n de Datos de la Universitat Polit\u00e8cnica de Val\u00e8ncia<\/p>\n<p style=\"padding-left: 40px\">7. Aprobaci\u00f3n, si procede, de la propuesta de procedimiento para el ejercicio de derechos relativos al tratamiento de datos de car\u00e1cter personal en la UPV<\/p>\n<p>3. Ratificaci\u00f3n, si procede, de los acuerdos de la Comisi\u00f3n Acad\u00e9mica<\/p>\n<p style=\"padding-left: 40px\">1. Aprobaci\u00f3n, si procede, de la propuesta de memoria de los programas acad\u00e9micos con recorridos sucesivos<\/p>\n<p style=\"padding-left: 80px\">Programa de Ingeniero\/a Aeron\u00e1utico\/a<br \/>\nPrograma de Ingeniero\/a Agr\u00f3nomo\/a<br \/>\nPrograma de Arquitecto\/a<br \/>\nPrograma de Ingeniero\/a de Caminos, Canales y Puertos<br \/>\nPrograma de Ingeniero\/a Industrial<br \/>\nPrograma de Ingeniero\/a Inform\u00e1tico\/a<br \/>\nPrograma de Ingeniero\/a en Geom\u00e1tica y Geoinformaci\u00f3n<br \/>\nPrograma de Ingeniero\/a Qu\u00edmico\/a<br \/>\nPrograma de Ingeniero\/a de Montes<br \/>\nPrograma de Ingeniero\/a de Telecomunicaci\u00f3n<br \/>\nPrograma de Ingeniero\/a de Telecomunicaci\u00f3n, Sonido e Imagen<br \/>\nPrograma en Edificaci\u00f3n<\/p>\n<p style=\"padding-left: 40px\">2. Aprobaci\u00f3n, si procede, de la propuesta de modificaci\u00f3n de los Sistemas de Evaluaci\u00f3n Final<\/p>\n<p style=\"padding-left: 40px\">3. Aprobaci\u00f3n, si procede, de la propuesta del doble t\u00edtulo de M\u00e1ster Universitario en Ingenier\u00eda Agron\u00f3mica &#8211; M\u00e1ster Universitario en Ingenier\u00eda Bioambiental y del Paisaje<\/p>\n<p style=\"padding-left: 40px\">4. Aprobaci\u00f3n, si procede, de la propuesta del doble t\u00edtulo de M\u00e1ster Universitario en Ingenier\u00eda de Montes- M\u00e1ster Universitario en Ingenier\u00eda Bioambiental y del Paisaje<\/p>\n<p style=\"padding-left: 40px\">5. Aprobaci\u00f3n, si procede, de la propuesta del doble t\u00edtulo de M\u00e1ster Universitario en Ingenier\u00eda Agron\u00f3mica &#8211; M\u00e1ster Universitario en Ganader\u00eda de Precisi\u00f3n<\/p>\n<p style=\"padding-left: 40px\">6. Aprobaci\u00f3n, si procede, de la renovaci\u00f3n del Convenio de Colaboraci\u00f3n entre la Universitat Polit\u00e8cnica de Val\u00e8ncia y la Universitat de Val\u00e8ncia, para el desarrollo del programa conjunto de Doctorado en Matem\u00e1ticas<\/p>\n<p style=\"padding-left: 40px\">7. Aprobaci\u00f3n, si procede, de la renovaci\u00f3n del Convenio de Colaboraci\u00f3n entre las Universidades Jaume I de Castell\u00f3, Polit\u00e8cnica de Val\u00e8ncia, Val\u00e8ncia, Extremadura y Castilla La Mancha para la organizaci\u00f3n y desarrollo del programa de Doctorado en Qu\u00edmica Sostenible<\/p>\n<p style=\"padding-left: 40px\">8. Aprobaci\u00f3n, si procede, de la propuesta de modificaci\u00f3n del programa de Doctorado en Recursos y Tecnolog\u00edas Agr\u00edcolas<\/p>\n<p style=\"padding-left: 40px\">9. Propuesta y aprobaci\u00f3n, si procede, de la oferta de plazas de grado y m\u00e1ster para el curso 2022\/2023 de la Universitat Polit\u00e8cnica de Val\u00e8ncia<\/p>\n<p>4. Ratificaci\u00f3n, si procede, de los acuerdos de la Comisi\u00f3n de I+D+i<\/p>\n<p style=\"padding-left: 40px\">1. Aprobaci\u00f3n, si procede, de la nominaci\u00f3n a los Premios Rei Jaume I 2022 de los candidatos D. Jos\u00e9 Jaime G\u00f3mez Hern\u00e1ndez y D. Vicent Juan Botti Navarro<\/p>\n<p style=\"padding-left: 40px\">2. Aprobaci\u00f3n, si procede, de la propuesta de modificaci\u00f3n del Grupo de seguimiento y actualizaci\u00f3n del \u00edndice de actividad investigadora, previsto en el Reglamento para la evaluaci\u00f3n de la actividad de investigaci\u00f3n, desarrollo, innovaci\u00f3n y transferencia en la Universitat Polit\u00e8cnica de Val\u00e8ncia<\/p>\n<p>5. Ratificaci\u00f3n, si procede, de los acuerdos de la Comisi\u00f3n Econ\u00f3mica y de Recursos Humanos<\/p>\n<p style=\"padding-left: 40px\">1. Aprobaci\u00f3n, si procede, de la propuesta de la Normativa de Organizaci\u00f3n Acad\u00e9mica<\/p>\n<p style=\"padding-left: 40px\">2. Aprobaci\u00f3n, si procede, de la propuesta del Plan Concilia de la Universitat Polit\u00e8cnica de Val\u00e8ncia<\/p>\n<p style=\"padding-left: 40px\">3. Aprobaci\u00f3n, si procede, de la modificaci\u00f3n de la Relaci\u00f3n de Puestos de Trabajo del Personal Docente e Investigador<\/p>\n<p style=\"padding-left: 40px\">4. Aprobaci\u00f3n, si procede, de la propuesta de compra de participaciones de la Universitat Polit\u00e8cnica de Val\u00e8ncia en la Spin-Off Corify Care S.L. y de la propuesta de autorizaci\u00f3n de compatibilidad vinculada<\/p>\n<p style=\"padding-left: 40px\">5. Aprobaci\u00f3n, si procede, de la propuesta de creaci\u00f3n de la Comisi\u00f3n de Plan Estrat\u00e9gico<\/p>\n<p>6. Ratificaci\u00f3n, si procede, de los acuerdos de la Comisi\u00f3n de Formaci\u00f3n Permanente<\/p>\n<p style=\"padding-left: 40px\">1. Aprobaci\u00f3n, si procede, de la propuesta de modificaci\u00f3n de la Norma reguladora de los estudios y actividades de formaci\u00f3n no reglada en Universitat Polit\u00e8cnica de Val\u00e8ncia<\/p>\n<p style=\"padding-left: 40px\">2. Aprobaci\u00f3n, si procede, de la propuesta de modificaci\u00f3n de oficio de la denominaci\u00f3n de los T\u00edtulos Propios a consecuencia de la publicaci\u00f3n del Real Decreto 822\/2021, de 28 de septiembre<\/p>\n<p style=\"padding-left: 40px\">3. Aprobaci\u00f3n, si procede, de la propuesta del cambio de denominaci\u00f3n de la titulaci\u00f3n Diploma de Especializaci\u00f3n en Tecnolog\u00edas de Fabricaci\u00f3n Digital<\/p>\n<p>7. Informe del Rector<\/p>\n<p>8. Ruegos y preguntas<\/p>","protected":false},"excerpt":{"rendered":"<p>Orden del d\u00eda de la sesi\u00f3n del Consejo de Gobierno del 10\/3\/2022 1. Lectura y aprobaci\u00f3n, si procede, del acta de la sesi\u00f3n anterior 2. Ratificaci\u00f3n, si procede, de los acuerdos de la Comisi\u00f3n Permanente 1. Aprobaci\u00f3n, si procede, de la propuesta de adecuaci\u00f3n de las Comisiones del Consejo de Gobierno de la Universitat Polit\u00e8cnica [&hellip;]<\/p>\n","protected":false},"author":11580,"featured_media":19557,"comment_status":"closed","ping_status":"closed","sticky":false,"template":"","format":"standard","meta":{"footnotes":""},"categories":[1099362],"tags":[],"class_list":["post-19852","post","type-post","status-publish","format-standard","has-post-thumbnail","hentry","category-consell-de-govern"],"_links":{"self":[{"href":"https:\/\/www.stepv.upv.es\/es\/wp-json\/wp\/v2\/posts\/19852","targetHints":{"allow":["GET"]}}],"collection":[{"href":"https:\/\/www.stepv.upv.es\/es\/wp-json\/wp\/v2\/posts"}],"about":[{"href":"https:\/\/www.stepv.upv.es\/es\/wp-json\/wp\/v2\/types\/post"}],"author":[{"embeddable":true,"href":"https:\/\/www.stepv.upv.es\/es\/wp-json\/wp\/v2\/users\/11580"}],"replies":[{"embeddable":true,"href":"https:\/\/www.stepv.upv.es\/es\/wp-json\/wp\/v2\/comments?post=19852"}],"version-history":[{"count":0,"href":"https:\/\/www.stepv.upv.es\/es\/wp-json\/wp\/v2\/posts\/19852\/revisions"}],"wp:featuredmedia":[{"embeddable":true,"href":"https:\/\/www.stepv.upv.es\/es\/wp-json\/wp\/v2\/media\/19557"}],"wp:attachment":[{"href":"https:\/\/www.stepv.upv.es\/es\/wp-json\/wp\/v2\/media?parent=19852"}],"wp:term":[{"taxonomy":"category","embeddable":true,"href":"https:\/\/www.stepv.upv.es\/es\/wp-json\/wp\/v2\/categories?post=19852"},{"taxonomy":"post_tag","embeddable":true,"href":"https:\/\/www.stepv.upv.es\/es\/wp-json\/wp\/v2\/tags?post=19852"}],"curies":[{"name":"wp","href":"https:\/\/api.w.org\/{rel}","templated":true}]}}