{"id":18529,"date":"2021-09-23T09:41:26","date_gmt":"2021-09-23T07:41:26","guid":{"rendered":"https:\/\/www.stepv.upv.es\/?p=18529"},"modified":"2021-09-23T09:41:26","modified_gmt":"2021-09-23T07:41:26","slug":"novetats-en-el-pla-concilia-per-a-la-concessio-i-la-denegacio-dels-dies-dassumptes-propis","status":"publish","type":"post","link":"https:\/\/www.stepv.upv.es\/es\/novetats-en-el-pla-concilia-per-a-la-concessio-i-la-denegacio-dels-dies-dassumptes-propis\/","title":{"rendered":"Novedades en el PLAN CONCILIA para la concesi\u00f3n y la denegaci\u00f3n de los d\u00edas de asuntos propios:"},"content":{"rendered":"<p>STEPV te recuerda que despu\u00e9s de la modificaci\u00f3n del plan concilia, aprobada por el Consejo de Gobierno el d\u00eda 22 de julio de 2021, hay que tener en cuenta lo siguiente:<\/p>\n<p>\u2022 Si no te contestan la solicitud en 48 horas, esta se considera concedida (<b>Silencio positivo<\/b>).<\/p>\n<p>\u2022 Puedes\u00a0<b>cancelar\u00a0<\/b>la solicitud\u00a0<b>hasta el d\u00eda<\/b>\u00a0h\u00e1bil\u00a0<b>anterior<\/b>.<\/p>\n<p>\u2022\u00a0<b>Hay que motivar las denegaciones<\/b>, acreditando el posible perjuicio que la concesi\u00f3n del permiso ocasionar\u00eda a la organizaci\u00f3n,\u00a0<b>y si no est\u00e1s de acuerdo<\/b>,\u00a0<b>una comisi\u00f3n<\/b>\u00a0creada a tal efecto\u00a0<b>resolver\u00e1\u00a0<\/b>la discrepancia.<\/p>","protected":false},"excerpt":{"rendered":"<p>STEPV te recuerda que despu\u00e9s de la modificaci\u00f3n del plan concilia, aprobada por el Consejo de Gobierno el d\u00eda 22 de julio de 2021, hay que tener en cuenta lo siguiente: \u2022 Si no te contestan la solicitud en 48 horas, esta se considera concedida (Silencio positivo). \u2022 Puedes\u00a0cancelar\u00a0la solicitud\u00a0hasta el d\u00eda\u00a0h\u00e1bil\u00a0anterior. \u2022\u00a0Hay que motivar [&hellip;]<\/p>\n","protected":false},"author":14845,"featured_media":17557,"comment_status":"closed","ping_status":"closed","sticky":false,"template":"","format":"standard","meta":{"footnotes":""},"categories":[843674],"tags":[],"class_list":["post-18529","post","type-post","status-publish","format-standard","has-post-thumbnail","hentry","category-acords-i-negociacions"],"_links":{"self":[{"href":"https:\/\/www.stepv.upv.es\/es\/wp-json\/wp\/v2\/posts\/18529","targetHints":{"allow":["GET"]}}],"collection":[{"href":"https:\/\/www.stepv.upv.es\/es\/wp-json\/wp\/v2\/posts"}],"about":[{"href":"https:\/\/www.stepv.upv.es\/es\/wp-json\/wp\/v2\/types\/post"}],"author":[{"embeddable":true,"href":"https:\/\/www.stepv.upv.es\/es\/wp-json\/wp\/v2\/users\/14845"}],"replies":[{"embeddable":true,"href":"https:\/\/www.stepv.upv.es\/es\/wp-json\/wp\/v2\/comments?post=18529"}],"version-history":[{"count":0,"href":"https:\/\/www.stepv.upv.es\/es\/wp-json\/wp\/v2\/posts\/18529\/revisions"}],"wp:featuredmedia":[{"embeddable":true,"href":"https:\/\/www.stepv.upv.es\/es\/wp-json\/wp\/v2\/media\/17557"}],"wp:attachment":[{"href":"https:\/\/www.stepv.upv.es\/es\/wp-json\/wp\/v2\/media?parent=18529"}],"wp:term":[{"taxonomy":"category","embeddable":true,"href":"https:\/\/www.stepv.upv.es\/es\/wp-json\/wp\/v2\/categories?post=18529"},{"taxonomy":"post_tag","embeddable":true,"href":"https:\/\/www.stepv.upv.es\/es\/wp-json\/wp\/v2\/tags?post=18529"}],"curies":[{"name":"wp","href":"https:\/\/api.w.org\/{rel}","templated":true}]}}