{"id":16287,"date":"2021-07-06T09:19:09","date_gmt":"2021-07-06T07:19:09","guid":{"rendered":"https:\/\/www.stepv.upv.es\/?p=16287"},"modified":"2021-07-06T09:19:09","modified_gmt":"2021-07-06T07:19:09","slug":"mesa-de-negociacio-del-pdi-novetats-per-al-professorat-associat","status":"publish","type":"post","link":"https:\/\/www.stepv.upv.es\/es\/mesa-de-negociacio-del-pdi-novetats-per-al-professorat-associat\/","title":{"rendered":"Mesa de negociaci\u00f3n del PDI: novedades para el profesorado asociado"},"content":{"rendered":"<p>Este jueves 1 de julio se ha reunido la primera mesa de negociaci\u00f3n del PDI de esta legislatura. Al igual que en las negociaciones del Pla Concilia, destacamos el ambiente y la din\u00e1mica de trabajo, muy diferente de los \u00faltimos 16 a\u00f1os, se ha aportado informaci\u00f3n m\u00e1s completa y m\u00e1s tiempo para estudiarla. Ha habido voluntad de escuchar y de llegar a acuerdos.<\/p>\n<p>Destacamos que,\u00a0<strong>para este curso, se except\u00faa los resultados de los encuestas como un motivo de no renovaci\u00f3n del profesorado Asociado<\/strong>.<\/p>\n<p>El VPOA ha reiterado el compromiso del rector en campa\u00f1a electoral de\u00a0<strong>revisar el procedimiento de renovaci\u00f3n del profesorado Asociado<\/strong>, como que STEPV reivindicaba.<\/p>\n<p>STEPV fue el\u00a0<strong>\u00fanico sindicato que se opuso a este procedimiento<\/strong>, porque claramente no era el que la asamblea de profesorado Asociado aprob\u00f3, posiblemente por un \u201cmalentendido\u201d con el anterior responsable del \u00e1rea.<\/p>\n<h2><strong>Modificaci\u00f3n de la RPT<\/strong><\/h2>\n<p>Se ha aprobado una modificaci\u00f3n de la RPT, con la abstenci\u00f3n de STEPV.<\/p>\n<p>La propuesta\u00a0<strong>mejora<\/strong>\u00a0mucho la\u00a0<strong>contrataci\u00f3n<\/strong>\u00a0del profesorado Asociado y\u00a0<strong>alivia la saturaci\u00f3n<\/strong>\u00a0a los departamentos porque considera los jubilaciones reales y otras circunstancias que el anterior equipo preferia ignorar. El pero son las\u00a0<strong>4 nuevas plazas del (NO) plan de captaci\u00f3n de talento<\/strong>, un plan caracterizado por la\u00a0<strong>opacidad<\/strong>\u00a0y por la\u00a0<strong>falta<\/strong>\u00a0de mecanismos para\u00a0<strong>evaluar<\/strong>\u00a0el resultado.<\/p>\n<p>Por eso,\u00a0<strong>STEPV no ha votado a favor<\/strong>.<\/p>\n<h2><strong>Renovaci\u00f3n del profesorado Asociado<\/strong><\/h2>\n<p>La nueva instrucci\u00f3n para renovar el profesorado este curso, en aplicaci\u00f3n del Real Decreto 11\/2021,\u00a0<strong>exime de la necesidad de estar trabajando<\/strong>\u00a0fuera del \u00e1mbito acad\u00e9mico en el momento de la renovaci\u00f3n, y por tanto\u00a0<strong>no ser\u00e1 necesario<\/strong>\u00a0presentar la\u00a0<strong>documentaci\u00f3n acreditativa<\/strong>.<\/p>\n<p>La documentaci\u00f3n es presentar\u00e1 en el departamento correspondiente.<\/p>\n<h2><strong>Los sexenios reconocidos despu\u00e9s de haber asignado el POD<\/strong><\/h2>\n<p>En los ruegos y preguntas se ha tratado el reconocimiento de los sexenios con efectos del 1 de enero, pero que no implican una reducci\u00f3n de cr\u00e9ditos hasta dos cursos despu\u00e9s. STEPV ya inform\u00f3 que la ley permite aplicar la reducci\u00f3n, a efectos de POD, de manera\u00a0<strong>inmediata<\/strong>.<\/p>\n<p>El VPOA te intenci\u00f3n de resolver este asunto, pero de momento la gran saturaci\u00f3n media de la universidad es un problema.<\/p>\n<h2><strong>Publicaci\u00f3n de los cr\u00e9ditos reconocidos por gesti\u00f3n<\/strong><\/h2>\n<p>STEPV ha pedido al VPOA que\u00a0<strong>publique la relaci\u00f3n de cargos y la reducci\u00f3n de cr\u00e9ditos derivados de la gesti\u00f3n del rectorado<\/strong>\u00a0(vicerrectorados, direcciones de \u00e1rea y otros cargos). Confiamos que sea pronto, por una administraci\u00f3n m\u00e1s transparente.<\/p>","protected":false},"excerpt":{"rendered":"<p>Este jueves 1 de julio se ha reunido la primera mesa de negociaci\u00f3n del PDI de esta legislatura. Al igual que en las negociaciones del Pla Concilia, destacamos el ambiente y la din\u00e1mica de trabajo, muy diferente de los \u00faltimos 16 a\u00f1os, se ha aportado informaci\u00f3n m\u00e1s completa y m\u00e1s tiempo para estudiarla. Ha habido [&hellip;]<\/p>\n","protected":false},"author":14845,"featured_media":5124,"comment_status":"closed","ping_status":"closed","sticky":false,"template":"","format":"standard","meta":{"footnotes":""},"categories":[843674,64],"tags":[],"class_list":["post-16287","post","type-post","status-publish","format-standard","has-post-thumbnail","hentry","category-acords-i-negociacions","category-sin-categoria"],"_links":{"self":[{"href":"https:\/\/www.stepv.upv.es\/es\/wp-json\/wp\/v2\/posts\/16287","targetHints":{"allow":["GET"]}}],"collection":[{"href":"https:\/\/www.stepv.upv.es\/es\/wp-json\/wp\/v2\/posts"}],"about":[{"href":"https:\/\/www.stepv.upv.es\/es\/wp-json\/wp\/v2\/types\/post"}],"author":[{"embeddable":true,"href":"https:\/\/www.stepv.upv.es\/es\/wp-json\/wp\/v2\/users\/14845"}],"replies":[{"embeddable":true,"href":"https:\/\/www.stepv.upv.es\/es\/wp-json\/wp\/v2\/comments?post=16287"}],"version-history":[{"count":0,"href":"https:\/\/www.stepv.upv.es\/es\/wp-json\/wp\/v2\/posts\/16287\/revisions"}],"wp:featuredmedia":[{"embeddable":true,"href":"https:\/\/www.stepv.upv.es\/es\/wp-json\/wp\/v2\/media\/5124"}],"wp:attachment":[{"href":"https:\/\/www.stepv.upv.es\/es\/wp-json\/wp\/v2\/media?parent=16287"}],"wp:term":[{"taxonomy":"category","embeddable":true,"href":"https:\/\/www.stepv.upv.es\/es\/wp-json\/wp\/v2\/categories?post=16287"},{"taxonomy":"post_tag","embeddable":true,"href":"https:\/\/www.stepv.upv.es\/es\/wp-json\/wp\/v2\/tags?post=16287"}],"curies":[{"name":"wp","href":"https:\/\/api.w.org\/{rel}","templated":true}]}}