{"id":13705,"date":"2020-05-25T12:54:51","date_gmt":"2020-05-25T10:54:51","guid":{"rendered":"https:\/\/www.stepv.upv.es\/?p=13705"},"modified":"2020-05-25T12:54:51","modified_gmt":"2020-05-25T10:54:51","slug":"resum-del-consell-de-govern-del-dia-23-i-del-consell-social-del-dia-29-dabril","status":"publish","type":"post","link":"https:\/\/www.stepv.upv.es\/es\/resum-del-consell-de-govern-del-dia-23-i-del-consell-social-del-dia-29-dabril\/","title":{"rendered":"Resumen del Consejo de Gobierno del d\u00eda 23 y del Consejo Social del d\u00eda 29 de abril"},"content":{"rendered":"<p><\/p>\n<h1><strong>Consejo de Gobierno: <\/strong><\/h1>\n<h2><strong>Modificaci\u00f3n de la normativa de creaci\u00f3n de la Sede Electr\u00f3nica. <\/strong><\/h2>\n<p>Es una adaptaci\u00f3n de la normativa vigente en la Sede Electr\u00f3nica de la Universidad, en cuanto a los aspectos organizativos y de funcionamiento. Fija un r\u00e9gimen transitorio y una entrada en vigor que tiene en cuenta el periodo de puesta en marcha de las herramientas inform\u00e1ticas necesarias para la implantaci\u00f3n total de esta reforma.<\/p>\n<p>Recomendamos leer la modificaci\u00f3n por las implicaciones que comporta. Puedes consultar el documento, as\u00ed como las versiones y revisiones sucesivas, en la Sede Electr\u00f3nica en el apartado Anuncios \/ Normativa, <a href=\"https:\/\/sede.upv.es\/oficina_tactica\/?idioma=ca_es#\/tramita\/14\/105\">accesible en la direcci\u00f3n web siguiente<\/a>:<\/p>\n<h2><strong>Medidas adoptadas en el \u00e1mbito de la Universidad a consecuencia de la crisis sanitaria provocada por la COVID<\/strong>\u2010<strong>19. <\/strong><\/h2>\n<p>El rector explica que el estado de alarma ha comportado actuar de forma r\u00e1pida para minimizar el impacto en los servicios y la docencia en la Universidad. Se ha pasado de la docencia presencial a la no presencial en 48 horas.<\/p>\n<p>La UPV ha tenido que adaptar precipitadamente los Decretos publicados por el Gobierno central, y convocar a menudo el Comit\u00e9 de Seguridad y Salud para emitir las medidas adecuadas para evitar cualquier riesgo sobre las personas. Se ha tenido que establecer las medidas siguientes:<\/p>\n<ul>\n<li>Suspender los plazos para defender las tesis doctorales, que retomar\u00e1n cuando acabe el estado de alarma.<\/li>\n<li>Suspender las pr\u00e1cticas de empresa, excepto aquellas que se pueden hacer en linea.<\/li>\n<li>Encuestar al alumnado para saber qu\u00e9 dificultades tienen para seguir las clases en linea:<\/li>\n<li>519 alumnos han presentado problemas de acceso telem\u00e1tico, y se les ha enviado 355 contratos de tarjetas SIM de 50 GB.<\/li>\n<li>Se han prestado 500 ordenadores.<\/li>\n<li>20 estudiantes han pasado el confinamiento en la casa familiar, en lugares remotos, donde no hay cobertura. Se les est\u00e1 facilitando modelos grabados, apuntes de clase, ex\u00e1menes presenciales, etc. para no perjudicarlos. \u2022 Se abre un periodo de devoluci\u00f3n de las tasas correspondiente a este cuatrimestre para el estudiantado que quiera tramitarla.<\/li>\n<\/ul>\n<p>&nbsp;<\/p>\n<p>La evaluaci\u00f3n ser\u00e1 no presencial. Hay un porcentaje m\u00ednimo de PDI reacio a los cambios que se han tenido que llevar a cabo, pero la gran mayor\u00eda no tienen ning\u00fan problema en la adaptaci\u00f3n.<\/p>\n<p>El rector agradece a todos los grupos investigadores la ayuda prestada. Se ha abierto el blog Respuesta UPV COVID-19 para canalizar todas las ofertas, de las que la conseller\u00eda ha rechazado algunas porque no ha sido posible llevarlas a cabo.<\/p>\n<p>Durante la primera semana del estado de alarma, la Universidad entreg\u00f3 en los hospitales todo el material de protecci\u00f3n de que dispon\u00eda (mascaras, equipos de protecci\u00f3n, gel, etc.), atendida la escasez que hab\u00eda.<\/p>\n<p>La UPV producir\u00e1 respiradores para la Conseller\u00eda de Sanidad, y ya tienen la certificaci\u00f3n cl\u00ednica al pasar las pruebas electromagn\u00e9ticas. Pronto dispondremos de 300 equipos que tienen un precio unitario de mercado de entre 15.000 y 20.000 euros. La Universidad solo repercutir\u00e1 el coste del material. Con estos respiradores se reforzar\u00e1n las UCI de cara al oto\u00f1o.<\/p>\n<p>Se ha gestionado el retorno de 20.000 estudiantes que cursaban los estudios en un pa\u00eds extranjero. Todav\u00eda hay estudiantes en el continente asi\u00e1tico que no han podido volver.<\/p>\n<h2><strong>Informe del rector. <\/strong><\/h2>\n<p>La Generalitat atraviesa momentos de falta de liquidez y pasa a deber en la Universidad 4 mensualidades.<\/p>\n<p>En el ranking del Times, la UPV est\u00e1 situada dentro de las 200 mejores del mundo con mayor impacto socioecon\u00f3mico en cuanto a los objetivos de desarrollo sostenible, y es la universidad polit\u00e9cnica con mayor impacto econ\u00f3mico-social de Espa\u00f1a.<\/p>\n<p>La UPV est\u00e1 adscrita a la plataforma de cursos en linea EDx, considerada una de las mejoras plataformas y en la cual colaboran las mejores universidades del mundo. Esta plataforma tiene un acceso libre para toda la comunidad universitaria durante la pandemia. El estudiantado que no ha podido finalizar las pr\u00e1cticas de empresa se ha subscrito a cursos de esta plataforma.<\/p>\n<h1><strong>Ruegos y preguntas: <\/strong><\/h1>\n<h2><strong>Intervenci\u00f3n de la compa\u00f1era Olaya Mart\u00ednez: <\/strong><\/h2>\n<ul>\n<li><strong>Mesa de PAS <\/strong>pide al gerente que convoque la mesa para acabar de concretar las comisiones de servicio y la modificaci\u00f3n de baremos para el OPO 2018, entre otros, para que se puedan poner en marcha en cuanto sea posible (la mesa de PDI se ha convocado dos veces ya durante el confinamiento).<\/li>\n<\/ul>\n<p>El gerente contesta que es m\u00e1s importante pagar los proveedores y las n\u00f3minas del personal.<\/p>\n<ul>\n<li><strong>Carrera Profesional<\/strong>: pide que se pague el complemento de la carrera profesional al PAS interino.<\/li>\n<\/ul>\n<p>En cuanto al personal funcionario de carrera est\u00e1 pendiente la progresi\u00f3n de 2019 y 2020 as\u00ed como periodos como interinos no reconocidos.<\/p>\n<p>El gerente informa que el PAS interino cobrar\u00eda en la n\u00f3mina de abril, y los atrasos en la de mayo. Respecto al personal funcionario de carrera no pod\u00eda informar porque ten\u00eda que consultarlo.<\/p>\n<ul>\n<li><strong>Cese del personal<\/strong>: critica la gesti\u00f3n de gerencia por el cese de personas con cargo al cap\u00edtulo 6 o de un plan estrat\u00e9gico, cuyos contratos han vencido durante el estado de alarma. Algunas personas contratadas que la administraci\u00f3n ha cesado ocupaban plazas estructurales (creadas por acuerdo de la mesa negociadora). Estas plazas se hubieran tenido que proveer, bien convoc\u00e1ndolas o bien mediante una bolsa.<\/li>\n<\/ul>\n<p>Olaya transmite la queja de un compa\u00f1ero que, a pesar de que puede llevar a cabo un proyecto de forma no presencial, no puede tramitar ninguna beca ni contrato para apoyar a la tarea investigadora, y que es vergonzoso que todo est\u00e9 parado.<\/p>\n<p>El gerente culpabiliza los sindicatos de retrasar todos los procesos, cosa que no es una novedad que se exculpe de no actuar. Tambi\u00e9n afirma que el hecho de no contratar viene impuesto desde el ministerio.<\/p>\n<p>Realmente, \u00bfes tan dif\u00edcil justificar la renovaci\u00f3n de personal que lleva a cabo tareas importantes en la UPV y puede trabajar de forma no presencial?<\/p>\n<h2><strong>Intervenci\u00f3n de la compa\u00f1era Silvia D\u00edaz-Alejo: <\/strong><\/h2>\n<ul>\n<li><strong>Previsi\u00f3n curso 2020-2021<\/strong>: pregunta c\u00f3mo se prev\u00e9 la docencia, si ser\u00e1 en linea y si es el caso qu\u00e9 metodolog\u00edas docentes y de evaluaci\u00f3n se emplear\u00e1n para evitar la improvisaci\u00f3n, si se garantizar\u00e1n las pr\u00e1cticas en condiciones para el alumnado. Ante un escenario incierto, los centros y los departamentos tendr\u00edan que adaptar las gu\u00edas docentes y\/o preparar un plan de contingencia.<\/li>\n<\/ul>\n<p>El vicerrector de estudios ha explicado que contemplan tres escenarios: docencia completamente en linea, mixta y presencial, y la decidir\u00e1n en funci\u00f3n de la evoluci\u00f3n de la pandemia. Las gu\u00edas docentes tendr\u00e1n que recoger las tres posibilidades. Se prev\u00e9 que el curso empiece m\u00e1s tarde, en parte porque se retrasa la celebraci\u00f3n de las PAU. Piensa que la docencia en linea ser\u00e1 m\u00e1s f\u00e1cil despu\u00e9s de haberla experimentado durante el estado de alarma.<\/p>\n<ul>\n<li><strong>Pregunta sobre las retribuciones adicionales<\/strong>: el rector contesta que la tramitaci\u00f3n ha quedado paralizada por la COVID-19.<\/li>\n<li><strong>Sobre el requisito para la renovaci\u00f3n del profesorado asociado<\/strong>, el rector le contesta que se ha comunicado con el Ministerio de Universidades para conseguir la exenci\u00f3n del requisito \u201cestar activo en otra actividad\u201d para poder renovar al profesorado asociado, que por las circunstancias especiales que vivimos se ha quedado sin trabajo. Aun as\u00ed, el Ministerio de Trabajo se ha negado: si no est\u00e1s activo, no renuevas.<\/li>\n<\/ul>\n<p>El Ministerio se escuda en que ha preparado el borrador del Estatuto del PDI, pero todav\u00eda no lo ha puesto en informaci\u00f3n p\u00fablica. Espera que est\u00e9 listo para aplicarlo en verano, pero la UPV piensa que los plazos no son factibles y puede alargarse hasta Navidad. Este Estatuto contempla la figura de Asociado, pero se desconocen los requisitos.<\/p>\n<h2><strong>Intervenci\u00f3n de la compa\u00f1era Salom\u00e9 Moreno: <\/strong><\/h2>\n<h3><strong>Preguntas: <\/strong><\/h3>\n<ul>\n<li><strong>Gu\u00edas docentes<\/strong>: pregunta qu\u00e9 tipo de docencia contemplar\u00e1n, presencial, presencial restringido, no presencial y dispensa, y cu\u00e1l ser\u00e1 la implicaci\u00f3n en el POD de las diferentes modalidades de docencia, por ejemplo, si se doblar\u00e1n grupos.<\/li>\n<\/ul>\n<p>La respuesta es que est\u00e1n elaborando los POD sin contemplar ning\u00fan escenario concreto. El profesorado tendr\u00e1 que estar preparado para cualquier clase de docencia.<\/p>\n<ul>\n<li><strong>C\u00f3mo se reflejar\u00e1 en las gu\u00edas docentes <\/strong>la distribuci\u00f3n de tareas y trabajos actuales, aprobados por el ANECA (TU, PA, PI&#8230;).<\/li>\n<\/ul>\n<p>La respuesta es que se har\u00e1 conforme se ha hecho hasta ahora. No se sabe qu\u00e9 pasar\u00e1.<\/p>\n<ul>\n<li><strong>Seguridad del personal y del alumnado de cara a septiembre<\/strong>: la vicerrectora contesta que est\u00e1n trabajando con el servicio de prevenci\u00f3n, y los delegados y delegadas de este servicio, para garantizar la seguridad de todo el personal y que se informar\u00e1 de todos los escenarios para el retorno.<\/li>\n<li><strong>Mesa de negociaci\u00f3n del personal laboral<\/strong>: comenta que ha recibido un aviso sobre la convocatoria de esta mesa. Hace meses que el Comit\u00e9 de Empresa Val\u00e8ncia-Gandia present\u00f3 a trav\u00e9s de la sede electr\u00f3nica un acuerdo<\/li>\n<\/ul>\n<p>con el que manifestaba que no cede las competencias de capacidad negociadora a las secciones sindicales. El caso es que la mesa negociadora del personal laboral no ha sido nunca constituida legalmente, y por tanto no se puede convocar. Salom\u00e9 hace constar en el Consejo de Gobierno que no se puede convocar una sesi\u00f3n sobre un \u00f3rgano que no est\u00e1 v\u00e1lidamente constituido y pide que atiendan la petici\u00f3n que el Comit\u00e9 de Empresa envi\u00f3 hace tiempo.<\/p>\n<p>Le contestan que esta pregunta es muy t\u00e9cnica y que la trasladar\u00e1n a qui\u00e9n corresponda.<\/p>\n<h3><strong>Ruegos: <\/strong><\/h3>\n<ul>\n<li>Que se disponga con tiempo de una <strong>planificaci\u00f3n con alternativas<\/strong>, muy pensadas, discutidas y consensuadas con el <strong>profesorado<\/strong>, con la m\u00e1xima transparencia y la m\u00ednima incertidumbre.<\/li>\n<li>Que <strong>no se abuse de la capacidad de trabajo del PDI<\/strong>, que, si se mantiene sostenida en el tiempo, puede da\u00f1ar la salud de este colectivo.<\/li>\n<li>Que se <strong>reconozca y compense el agotador trabajo extra <\/strong>del curso actual, en tiempo r\u00e9cord, con la reactivaci\u00f3n del sistema CREP recientemente abolido u otras mejoras compensatorias.<\/li>\n<\/ul>\n<p>No entienden el motivo de los ruegos porque el equipo rectoral ha estado siempre trabajando en ese sentido.<\/p>\n<p>Por otro lado, cuidar\u00e1n el profesorado, pero \u00e9ste tiene que hacer el esfuerzo que haga falta sin <strong>ning\u00fan incentivo<\/strong>. En ese sentido, el rector recalca que las profesoras y los profesores son servidores p\u00fablicos y que en un estado excepcional tienen que tener comportamientos excepcionales. Se tiene que <strong>tomar nota del personal sanitario<\/strong>, de las fuerzas armadas y la seguridad del estado, y de <strong>los empleados y las empleadas de Mercadona<\/strong>.<\/p>\n<p>Pensamos que el rector puede compararnos con cualquier personal que le apetezca, ahora bien, no le conviene compararnos con el personal de Mercadona al que se le ha subido el sueldo en un 20% durante la pandemia.<\/p>\n<p>Finalmente, las <strong>encuestas <\/strong>se pasar\u00e1n este cuatrimestre. El ministerio cree que es una oportunidad porque el profesorado reciba feed-back sobre c\u00f3mo ha sido la docencia este a\u00f1o. El alumnado se opone que las encuestas no tengan ninguna incidencia en la evaluaci\u00f3n del profesorado, dado que, si no es favorable, el indicador ser\u00e1 la media de los tres \u00faltimos a\u00f1os.<\/p>\n<h1><strong>Consell Social: <\/strong><\/h1>\n<p>El rector comenta que el <strong>primer trimestre del curso<\/strong>, por prevenci\u00f3n y prudencia, la <strong>docencia <\/strong>seguramente ser\u00e1 <strong>mixta <\/strong>(en linea y presencial).<\/p>\n<p>Algunas tareas del servicio de RR.HH. y de Gesti\u00f3n Econ\u00f3mica se han gestionado de forma presencial, como por ejemplo el pago de las n\u00f3minas. Las facturas se tramitan de forma no presencial.<\/p>\n<p>El gerente informa del pago de 3.000 facturas durante el periodo de confinamiento, que significa un importe de 4 millones de euros. Esta tramitaci\u00f3n ha sido posible gracias a un prototipo sobre facturaci\u00f3n electr\u00f3nica que ya dispon\u00eda la plataforma GEA.<\/p>\n<p>El rector ha solicitado al ministerio que, a pesar de que la vigencia del estado de alarma, a partir del 11 de mayo se suavicen algunas medidas para poder contratar el personal necesario para proyectos de investigaci\u00f3n.<\/p>\n<h2><strong>La compa\u00f1era Olaya Mart\u00ednez <\/strong>pide explicaciones sobre las cuestiones siguientes:<\/h2>\n<ul>\n<li><strong> Renovaci\u00f3n de los contratos predoctorales -FPI <\/strong>por el plazo durante el periodo del estado de alarma, adem\u00e1s de los 3 meses m\u00e1s con justificaci\u00f3n.<\/li>\n<\/ul>\n<p>El rector confirma que se renovar\u00e1n estos contratos, y que si alguna persona no se le ha prorrogado que contacte con Recursos Humanos.<\/p>\n<ul>\n<li>Posibilidad de hacer <strong>test a todo el personal a la vuelta al trabajo presencial<\/strong>, y qu\u00e9 medidas se establecer\u00e1n. Los trabajadores y las trabajadoras tendr\u00edan que volver solo si se han dispuesto las medidas de seguridad adecuadas.<\/li>\n<\/ul>\n<p>El rector informa que la Conseller\u00eda de Sanidad no dispone de test para todo el mundo. Pero, el personal dispondr\u00e1 de m\u00e1scaras, guantes, gel desinfectante, mamparas separadoras, etc. La intenci\u00f3n es continuar con el trabajo no presencial, y valorar volver a la UPV solo si la tramitaci\u00f3n de algunas tareas lo requiere.<\/p>\n<ul>\n<li><strong>Carrera profesional del personal funcionario <\/strong>que tiene pendiente el reconocimiento de periodos trabajados como interino y progresiones.<\/li>\n<\/ul>\n<p>El gerente informa que el complemento se pagar\u00e1 en la n\u00f3mina de mayo, y los atrasos en la de junio.<\/p>\n<ul>\n<li><strong>Situaci\u00f3n del personal contratado para dirigir las actividades deportivas<\/strong>.<\/li>\n<\/ul>\n<p>El gerente explica que las empresas han procedido de la forma que les ha parecido m\u00e1s adecuado. La instrucci\u00f3n de gerencia indica que las empresas con un contrato de servicio de trato sucesivo tienen derecho a indemnizaciones por da\u00f1os y perjuicios, en parte por el personal adscrito en fecha de 14 de marzo de 2020.<\/p>","protected":false},"excerpt":{"rendered":"<p>Consejo de Gobierno: Modificaci\u00f3n de la normativa de creaci\u00f3n de la Sede Electr\u00f3nica. Es una adaptaci\u00f3n de la normativa vigente en la Sede Electr\u00f3nica de la Universidad, en cuanto a los aspectos organizativos y de funcionamiento. Fija un r\u00e9gimen transitorio y una entrada en vigor que tiene en cuenta el periodo de puesta en marcha [&hellip;]<\/p>\n","protected":false},"author":11580,"featured_media":0,"comment_status":"closed","ping_status":"closed","sticky":false,"template":"","format":"standard","meta":{"footnotes":""},"categories":[1099362,843682],"tags":[],"class_list":["post-13705","post","type-post","status-publish","format-standard","hentry","category-consell-de-govern","category-mes-transparencia-mes-garanties"],"_links":{"self":[{"href":"https:\/\/www.stepv.upv.es\/es\/wp-json\/wp\/v2\/posts\/13705","targetHints":{"allow":["GET"]}}],"collection":[{"href":"https:\/\/www.stepv.upv.es\/es\/wp-json\/wp\/v2\/posts"}],"about":[{"href":"https:\/\/www.stepv.upv.es\/es\/wp-json\/wp\/v2\/types\/post"}],"author":[{"embeddable":true,"href":"https:\/\/www.stepv.upv.es\/es\/wp-json\/wp\/v2\/users\/11580"}],"replies":[{"embeddable":true,"href":"https:\/\/www.stepv.upv.es\/es\/wp-json\/wp\/v2\/comments?post=13705"}],"version-history":[{"count":0,"href":"https:\/\/www.stepv.upv.es\/es\/wp-json\/wp\/v2\/posts\/13705\/revisions"}],"wp:attachment":[{"href":"https:\/\/www.stepv.upv.es\/es\/wp-json\/wp\/v2\/media?parent=13705"}],"wp:term":[{"taxonomy":"category","embeddable":true,"href":"https:\/\/www.stepv.upv.es\/es\/wp-json\/wp\/v2\/categories?post=13705"},{"taxonomy":"post_tag","embeddable":true,"href":"https:\/\/www.stepv.upv.es\/es\/wp-json\/wp\/v2\/tags?post=13705"}],"curies":[{"name":"wp","href":"https:\/\/api.w.org\/{rel}","templated":true}]}}